{"id":6991,"date":"2025-10-13T12:56:26","date_gmt":"2025-10-13T10:56:26","guid":{"rendered":"https:\/\/trabada.gal\/?p=6991"},"modified":"2025-10-13T12:58:21","modified_gmt":"2025-10-13T10:58:21","slug":"o-concello-de-trabada-solicita-a-amtega-telefonica-e-orange-a-incorporacion-de-cobertura-mobil-para-todas-as-companias-na-zona-de-fornea","status":"publish","type":"post","link":"https:\/\/trabada.gal\/gl\/2025\/10\/13\/o-concello-de-trabada-solicita-a-amtega-telefonica-e-orange-a-incorporacion-de-cobertura-mobil-para-todas-as-companias-na-zona-de-fornea\/","title":{"rendered":"O Concello de Trabada solicita a AMTEGA, Telef\u00f3nica e Orange a incorporaci\u00f3n de cobertura m\u00f3bil para todas as compa\u00f1\u00edas na zona de F\u00f3rnea"},"content":{"rendered":"<p><span style=\"font-weight: 400;\">\u00a0O Concello de Trabada v\u00e9n de remitir novos escritos \u00e1 Axencia para a Modernizaci\u00f3n Tecnol\u00f3xica de Galicia (AMTEGA) e \u00e1s compa\u00f1\u00edas Telef\u00f3nica Espa\u00f1a e Orange, reiterando a petici\u00f3n xa realizada no pasado mes de abril para que se ampl\u00ede a cobertura m\u00f3bil na zona de F\u00f3rnea, onde actualmente s\u00f3 opera a rede de Vodafone.<\/span><\/p>\n<p><span style=\"font-weight: 400;\">A instalaci\u00f3n da antena de telecomunicaci\u00f3ns en F\u00f3rnea, operativa desde o pasado mes de marzo, supuxo un avance importante para mellorar as comunicaci\u00f3ns nesta zona rural do concello. Por\u00e9n, actualmente a cobertura est\u00e1 limitada \u00e1 compa\u00f1\u00eda Vodafone, o que deixa f\u00f3ra a numerosos usuarios de Movistar e Orange.<\/span><\/p>\n<p><span style=\"font-weight: 400;\">Dende o Concello de Trabada solic\u00edtase que se promovan as xesti\u00f3ns necesarias para permitir o uso compartido da infraestrutura por parte doutros operadores, tal e como recolle a propia comunicaci\u00f3n oficial da AMTEGA, coa fin de garantir un acceso equitativo \u00e1 conectividade e reducir a brecha dixital no medio rural.<\/span><\/p>\n<p><span style=\"font-weight: 400;\">O alcalde de Trabada, Rub\u00e9n Garc\u00eda Freije, destacou que \u201cnon \u00e9 razoable que, tendo xa instalada unha antena operativa, s\u00f3 unha parte da poboaci\u00f3n poida beneficiarse dela. O noso obxectivo \u00e9 que todos os veci\u00f1os e veci\u00f1as dispo\u00f1an de cobertura m\u00f3bil, sexa cal sexa a compa\u00f1\u00eda que te\u00f1an\u201d.<\/span><\/p>\n<p><span style=\"font-weight: 400;\">Garc\u00eda subli\u00f1ou tam\u00e9n que \u201ca conectividade segue a ser unha prioridade para o noso goberno, especialmente nas parroquias rurais, onde o acceso a internet e \u00e1 telefon\u00eda m\u00f3bil \u00e9 esencial para a calidade de vida e o desenvolvemento do territorio\u201d.<\/span><\/p>\n<p><span style=\"font-weight: 400;\">O Concello de Trabada amosa a s\u00faa total disposici\u00f3n para colaborar con AMTEGA e coas operadoras implicadas para que esta infraestrutura poida ser aproveitada na s\u00faa totalidade e mellorar as\u00ed as comunicaci\u00f3ns no municipio.<\/span><\/p>\n<p>&nbsp;<\/p>\n\n\t\t<style type=\"text\/css\">\n\t\t\t#gallery-1 {\n\t\t\t\tmargin: auto;\n\t\t\t}\n\t\t\t#gallery-1 .gallery-item {\n\t\t\t\tfloat: left;\n\t\t\t\tmargin-top: 10px;\n\t\t\t\ttext-align: center;\n\t\t\t\twidth: 33%;\n\t\t\t}\n\t\t\t#gallery-1 img {\n\t\t\t\tborder: 2px solid #cfcfcf;\n\t\t\t}\n\t\t\t#gallery-1 .gallery-caption {\n\t\t\t\tmargin-left: 0;\n\t\t\t}\n\t\t\t\/* see gallery_shortcode() in wp-includes\/media.php *\/\n\t\t<\/style>\n\t\t<div id='gallery-1' class='gallery galleryid-6991 gallery-columns-3 gallery-size-large'><dl class='gallery-item'>\n\t\t\t<dt class='gallery-icon portrait'>\n\t\t\t\t<a href='https:\/\/trabada.gal\/gl\/2025\/10\/13\/o-concello-de-trabada-solicita-a-amtega-telefonica-e-orange-a-incorporacion-de-cobertura-mobil-para-todas-as-companias-na-zona-de-fornea\/20251013_outros_escrito-amtega_page-0001\/'><img fetchpriority=\"high\" decoding=\"async\" width=\"725\" height=\"1024\" src=\"https:\/\/trabada.gal\/wp-content\/uploads\/2025\/10\/20251013_Outros_ESCRITO-AMTEGA_page-0001-725x1024.jpg\" class=\"attachment-large size-large\" alt=\"\" srcset=\"https:\/\/trabada.gal\/wp-content\/uploads\/2025\/10\/20251013_Outros_ESCRITO-AMTEGA_page-0001-725x1024.jpg 725w, https:\/\/trabada.gal\/wp-content\/uploads\/2025\/10\/20251013_Outros_ESCRITO-AMTEGA_page-0001-212x300.jpg 212w, https:\/\/trabada.gal\/wp-content\/uploads\/2025\/10\/20251013_Outros_ESCRITO-AMTEGA_page-0001-768x1085.jpg 768w, https:\/\/trabada.gal\/wp-content\/uploads\/2025\/10\/20251013_Outros_ESCRITO-AMTEGA_page-0001-1087x1536.jpg 1087w, https:\/\/trabada.gal\/wp-content\/uploads\/2025\/10\/20251013_Outros_ESCRITO-AMTEGA_page-0001-8x12.jpg 8w, https:\/\/trabada.gal\/wp-content\/uploads\/2025\/10\/20251013_Outros_ESCRITO-AMTEGA_page-0001-425x600.jpg 425w, https:\/\/trabada.gal\/wp-content\/uploads\/2025\/10\/20251013_Outros_ESCRITO-AMTEGA_page-0001-396x560.jpg 396w, https:\/\/trabada.gal\/wp-content\/uploads\/2025\/10\/20251013_Outros_ESCRITO-AMTEGA_page-0001.jpg 1241w\" sizes=\"(max-width: 725px) 100vw, 725px\" \/><\/a>\n\t\t\t<\/dt><\/dl><dl class='gallery-item'>\n\t\t\t<dt class='gallery-icon portrait'>\n\t\t\t\t<a href='https:\/\/trabada.gal\/gl\/2025\/10\/13\/o-concello-de-trabada-solicita-a-amtega-telefonica-e-orange-a-incorporacion-de-cobertura-mobil-para-todas-as-companias-na-zona-de-fornea\/20251013_outros_escrito-telefonica_page-0001\/'><img decoding=\"async\" width=\"725\" height=\"1024\" src=\"https:\/\/trabada.gal\/wp-content\/uploads\/2025\/10\/20251013_Outros_ESCRITO-TELEFONICA_page-0001-725x1024.jpg\" class=\"attachment-large size-large\" alt=\"\" srcset=\"https:\/\/trabada.gal\/wp-content\/uploads\/2025\/10\/20251013_Outros_ESCRITO-TELEFONICA_page-0001-725x1024.jpg 725w, https:\/\/trabada.gal\/wp-content\/uploads\/2025\/10\/20251013_Outros_ESCRITO-TELEFONICA_page-0001-212x300.jpg 212w, https:\/\/trabada.gal\/wp-content\/uploads\/2025\/10\/20251013_Outros_ESCRITO-TELEFONICA_page-0001-768x1085.jpg 768w, https:\/\/trabada.gal\/wp-content\/uploads\/2025\/10\/20251013_Outros_ESCRITO-TELEFONICA_page-0001-1087x1536.jpg 1087w, https:\/\/trabada.gal\/wp-content\/uploads\/2025\/10\/20251013_Outros_ESCRITO-TELEFONICA_page-0001-8x12.jpg 8w, https:\/\/trabada.gal\/wp-content\/uploads\/2025\/10\/20251013_Outros_ESCRITO-TELEFONICA_page-0001-425x600.jpg 425w, https:\/\/trabada.gal\/wp-content\/uploads\/2025\/10\/20251013_Outros_ESCRITO-TELEFONICA_page-0001-396x560.jpg 396w, https:\/\/trabada.gal\/wp-content\/uploads\/2025\/10\/20251013_Outros_ESCRITO-TELEFONICA_page-0001.jpg 1241w\" sizes=\"(max-width: 725px) 100vw, 725px\" \/><\/a>\n\t\t\t<\/dt><\/dl><dl class='gallery-item'>\n\t\t\t<dt class='gallery-icon portrait'>\n\t\t\t\t<a href='https:\/\/trabada.gal\/gl\/2025\/10\/13\/o-concello-de-trabada-solicita-a-amtega-telefonica-e-orange-a-incorporacion-de-cobertura-mobil-para-todas-as-companias-na-zona-de-fornea\/20251013_outros_escrito-orange_page-0001\/'><img decoding=\"async\" width=\"725\" height=\"1024\" src=\"https:\/\/trabada.gal\/wp-content\/uploads\/2025\/10\/20251013_Outros_ESCRITO-ORANGE_page-0001-725x1024.jpg\" class=\"attachment-large size-large\" alt=\"\" srcset=\"https:\/\/trabada.gal\/wp-content\/uploads\/2025\/10\/20251013_Outros_ESCRITO-ORANGE_page-0001-725x1024.jpg 725w, https:\/\/trabada.gal\/wp-content\/uploads\/2025\/10\/20251013_Outros_ESCRITO-ORANGE_page-0001-212x300.jpg 212w, https:\/\/trabada.gal\/wp-content\/uploads\/2025\/10\/20251013_Outros_ESCRITO-ORANGE_page-0001-768x1085.jpg 768w, https:\/\/trabada.gal\/wp-content\/uploads\/2025\/10\/20251013_Outros_ESCRITO-ORANGE_page-0001-1087x1536.jpg 1087w, https:\/\/trabada.gal\/wp-content\/uploads\/2025\/10\/20251013_Outros_ESCRITO-ORANGE_page-0001-8x12.jpg 8w, https:\/\/trabada.gal\/wp-content\/uploads\/2025\/10\/20251013_Outros_ESCRITO-ORANGE_page-0001-425x600.jpg 425w, https:\/\/trabada.gal\/wp-content\/uploads\/2025\/10\/20251013_Outros_ESCRITO-ORANGE_page-0001-396x560.jpg 396w, https:\/\/trabada.gal\/wp-content\/uploads\/2025\/10\/20251013_Outros_ESCRITO-ORANGE_page-0001.jpg 1241w\" sizes=\"(max-width: 725px) 100vw, 725px\" \/><\/a>\n\t\t\t<\/dt><\/dl><br style=\"clear: both\" \/>\n\t\t<\/div>\n\n<p>&nbsp;<\/p>","protected":false},"excerpt":{"rendered":"<p>\u00a0O Concello de Trabada v\u00e9n de remitir novos escritos \u00e1 Axencia para a Modernizaci\u00f3n Tecnol\u00f3xica de Galicia (AMTEGA) e \u00e1s compa\u00f1\u00edas Telef\u00f3nica Espa\u00f1a e Orange, reiterando a petici\u00f3n xa realizada no pasado mes de abril para que se ampl\u00ede a cobertura m\u00f3bil na zona de F\u00f3rnea, onde actualmente s\u00f3 opera a rede de Vodafone. A [&hellip;]<\/p>\n","protected":false},"author":1,"featured_media":6992,"comment_status":"closed","ping_status":"closed","sticky":false,"template":"","format":"standard","meta":{"footnotes":""},"categories":[90],"tags":[],"class_list":["post-6991","post","type-post","status-publish","format-standard","has-post-thumbnail","hentry","category-noticias"],"_links":{"self":[{"href":"https:\/\/trabada.gal\/gl\/wp-json\/wp\/v2\/posts\/6991","targetHints":{"allow":["GET"]}}],"collection":[{"href":"https:\/\/trabada.gal\/gl\/wp-json\/wp\/v2\/posts"}],"about":[{"href":"https:\/\/trabada.gal\/gl\/wp-json\/wp\/v2\/types\/post"}],"author":[{"embeddable":true,"href":"https:\/\/trabada.gal\/gl\/wp-json\/wp\/v2\/users\/1"}],"replies":[{"embeddable":true,"href":"https:\/\/trabada.gal\/gl\/wp-json\/wp\/v2\/comments?post=6991"}],"version-history":[{"count":0,"href":"https:\/\/trabada.gal\/gl\/wp-json\/wp\/v2\/posts\/6991\/revisions"}],"wp:featuredmedia":[{"embeddable":true,"href":"https:\/\/trabada.gal\/gl\/wp-json\/wp\/v2\/media\/6992"}],"wp:attachment":[{"href":"https:\/\/trabada.gal\/gl\/wp-json\/wp\/v2\/media?parent=6991"}],"wp:term":[{"taxonomy":"category","embeddable":true,"href":"https:\/\/trabada.gal\/gl\/wp-json\/wp\/v2\/categories?post=6991"},{"taxonomy":"post_tag","embeddable":true,"href":"https:\/\/trabada.gal\/gl\/wp-json\/wp\/v2\/tags?post=6991"}],"curies":[{"name":"wp","href":"https:\/\/api.w.org\/{rel}","templated":true}]}}