{"id":7005,"date":"2025-10-21T10:30:47","date_gmt":"2025-10-21T08:30:47","guid":{"rendered":"https:\/\/trabada.gal\/?p=7005"},"modified":"2025-10-20T18:09:49","modified_gmt":"2025-10-20T16:09:49","slug":"o-concello-de-trabada-presenta-unha-nova-ruta-dentro-do-programa-conece-trabada-para-o-9-de-novembro","status":"publish","type":"post","link":"https:\/\/trabada.gal\/gl\/2025\/10\/21\/o-concello-de-trabada-presenta-unha-nova-ruta-dentro-do-programa-conece-trabada-para-o-9-de-novembro\/","title":{"rendered":"O Concello de Trabada presenta unha nova ruta dentro do programa \u201cCo\u00f1ece Trabada\u201d para o 9 de novembro"},"content":{"rendered":"<p><span style=\"font-weight: 400;\">O Concello de Trabada contin\u00faa coa s\u00faa aposta polo sendeirismo e a posta en valor do patrimonio natural e paisax\u00edstico do municipio a trav\u00e9s do programa \u201cCo\u00f1ece Trabada\u201d. Neste marco, an\u00fanciase unha nova ruta a p\u00e9 que ter\u00e1 lugar o domingo 9 de novembro, con sa\u00edda desde Vidal e chegada a Trabada.<\/span><\/p>\n<p><span style=\"font-weight: 400;\">A actividade contar\u00e1 cun percorrido de 8,6 quil\u00f3metros e unha dificultade media, polo que resulta axeitada para un amplo abano de participantes. O prezo de inscrici\u00f3n \u00e9 de 8 euros por persoa e incl\u00fae o desprazamento en autob\u00fas desde a Praza do Concello de Trabada, con sa\u00edda \u00e1s 11:00 horas, as\u00ed como o xantar no pavill\u00f3n municipal ao rematar a ruta.<\/span><\/p>\n<p><span style=\"font-weight: 400;\">As persoas interesadas poder\u00e1n inscribirse ata o 6 de novembro nas oficinas municipais ou chamando ao tel\u00e9fono 982 135 011.<\/span><\/p>\n<p><span style=\"font-weight: 400;\">Por motivos de seguridade, ser\u00e1 obrigatorio o uso de chaleco reflectante durante todo o percorrido.<\/span><\/p>\n<p><span style=\"font-weight: 400;\">Con esta iniciativa, o Concello de Trabada quere promover a pr\u00e1ctica de actividade f\u00edsica ao aire libre, fomentar o co\u00f1ecemento do entorno natural e patrimonial, e seguir consolidando o sendeirismo como unha actividade de interese social, tur\u00edstico e deportivo no municipio.<\/span><\/p>\n<p>&nbsp;<\/p>","protected":false},"excerpt":{"rendered":"<p>O Concello de Trabada contin\u00faa coa s\u00faa aposta polo sendeirismo e a posta en valor do patrimonio natural e paisax\u00edstico do municipio a trav\u00e9s do programa \u201cCo\u00f1ece Trabada\u201d. Neste marco, an\u00fanciase unha nova ruta a p\u00e9 que ter\u00e1 lugar o domingo 9 de novembro, con sa\u00edda desde Vidal e chegada a Trabada. A actividade contar\u00e1 [&hellip;]<\/p>\n","protected":false},"author":1,"featured_media":7006,"comment_status":"closed","ping_status":"closed","sticky":false,"template":"","format":"standard","meta":{"footnotes":""},"categories":[90],"tags":[],"class_list":["post-7005","post","type-post","status-publish","format-standard","has-post-thumbnail","hentry","category-noticias"],"_links":{"self":[{"href":"https:\/\/trabada.gal\/gl\/wp-json\/wp\/v2\/posts\/7005","targetHints":{"allow":["GET"]}}],"collection":[{"href":"https:\/\/trabada.gal\/gl\/wp-json\/wp\/v2\/posts"}],"about":[{"href":"https:\/\/trabada.gal\/gl\/wp-json\/wp\/v2\/types\/post"}],"author":[{"embeddable":true,"href":"https:\/\/trabada.gal\/gl\/wp-json\/wp\/v2\/users\/1"}],"replies":[{"embeddable":true,"href":"https:\/\/trabada.gal\/gl\/wp-json\/wp\/v2\/comments?post=7005"}],"version-history":[{"count":0,"href":"https:\/\/trabada.gal\/gl\/wp-json\/wp\/v2\/posts\/7005\/revisions"}],"wp:featuredmedia":[{"embeddable":true,"href":"https:\/\/trabada.gal\/gl\/wp-json\/wp\/v2\/media\/7006"}],"wp:attachment":[{"href":"https:\/\/trabada.gal\/gl\/wp-json\/wp\/v2\/media?parent=7005"}],"wp:term":[{"taxonomy":"category","embeddable":true,"href":"https:\/\/trabada.gal\/gl\/wp-json\/wp\/v2\/categories?post=7005"},{"taxonomy":"post_tag","embeddable":true,"href":"https:\/\/trabada.gal\/gl\/wp-json\/wp\/v2\/tags?post=7005"}],"curies":[{"name":"wp","href":"https:\/\/api.w.org\/{rel}","templated":true}]}}