{"id":7009,"date":"2025-10-30T11:16:53","date_gmt":"2025-10-30T10:16:53","guid":{"rendered":"https:\/\/trabada.gal\/?p=7009"},"modified":"2025-10-30T11:16:53","modified_gmt":"2025-10-30T10:16:53","slug":"o-concello-de-trabada-apoia-ao-trabada-futsal-na-final-da-vi-copa-deputacion-de-lugo","status":"publish","type":"post","link":"https:\/\/trabada.gal\/gl\/2025\/10\/30\/o-concello-de-trabada-apoia-ao-trabada-futsal-na-final-da-vi-copa-deputacion-de-lugo\/","title":{"rendered":"O Concello de Trabada apoia ao Trabada Futsal na final da VI Copa Deputaci\u00f3n de Lugo"},"content":{"rendered":"<p><span style=\"font-weight: 400;\">O Trabada Futsal disputar\u00e1 este s\u00e1bado, 1 de novembro, a final da 2\u00aa Divisi\u00f3n Masculina da VI Copa Deputaci\u00f3n de Lugo de F\u00fatbol Sala. O encontro ter\u00e1 lugar \u00e1s 17:00 horas no Pavill\u00f3n Municipal de Barreiros, onde o equipo de Trabada se enfrontar\u00e1 a A Lareira Os Meigallos FS \u201cB\u201d.<\/span><\/p>\n<p><span style=\"font-weight: 400;\">Esta final sup\u00f3n un fito destacado para o club, que participa por primeira vez nun encontro decisivo dunha competici\u00f3n oficial desde a s\u00faa nova creaci\u00f3n no ano 2016. O Trabada Futsal foi medrando en n\u00famero de xogadores, estrutura e actividade, convert\u00e9ndose nun referente deportivo no concello.<\/span><\/p>\n<p><span style=\"font-weight: 400;\">O alcalde de Trabada, Rub\u00e9n Garc\u00eda, amosou o apoio do Concello ao equipo e sinalou que \u201cdesde o goberno local mantemos un compromiso firme coa promoci\u00f3n do deporte e coa colaboraci\u00f3n cos clubs do municipio. O Trabada Futsal \u00e9 un exemplo de esforzo, constancia e implicaci\u00f3n social, e \u00e9 motivo de orgullo para toda a veci\u00f1anza\u201d.<\/span><\/p>\n<p><span style=\"font-weight: 400;\">O Concello de Trabada anima a todas as persoas afeccionadas ao deporte a achegarse este s\u00e1bado ao pavill\u00f3n municipal de Barreiros para apoiar ao equipo nesta importante cita.<\/span><\/p>\n<p><b>Detalles do evento:<\/b><\/p>\n<ul>\n<li style=\"font-weight: 400;\" aria-level=\"1\"><span style=\"font-weight: 400;\">Data: s\u00e1bado, 1 de novembro de 2025<\/span><span style=\"font-weight: 400;\">\n<p><\/span><\/li>\n<li style=\"font-weight: 400;\" aria-level=\"1\"><span style=\"font-weight: 400;\">Hora: 17:00 h<\/span><span style=\"font-weight: 400;\">\n<p><\/span><\/li>\n<li style=\"font-weight: 400;\" aria-level=\"1\"><span style=\"font-weight: 400;\">Lugar: Pavill\u00f3n Municipal de Barreiros<\/span><span style=\"font-weight: 400;\">\n<p><\/span><\/li>\n<li style=\"font-weight: 400;\" aria-level=\"1\"><span style=\"font-weight: 400;\">Encontro: Trabada Futsal vs. A Lareira Os Meigallos FS \u201cB\u201d<\/span><span style=\"font-weight: 400;\">\n<p><\/span><\/li>\n<li style=\"font-weight: 400;\" aria-level=\"1\"><span style=\"font-weight: 400;\">Entrada de balde<\/span><span style=\"font-weight: 400;\">\n<p><\/span><\/li>\n<\/ul>\n<p><span style=\"font-weight: 400;\">Desde o Concello destacan que o apoio ao tecido deportivo local \u00e9 unha prioridade e que se seguir\u00e1 colaborando con clubs, asociaci\u00f3ns e entidades para favorecer a pr\u00e1ctica deportiva en todas as idades e modalidades.<\/span><\/p>","protected":false},"excerpt":{"rendered":"<p>O Trabada Futsal disputar\u00e1 este s\u00e1bado, 1 de novembro, a final da 2\u00aa Divisi\u00f3n Masculina da VI Copa Deputaci\u00f3n de Lugo de F\u00fatbol Sala. O encontro ter\u00e1 lugar \u00e1s 17:00 horas no Pavill\u00f3n Municipal de Barreiros, onde o equipo de Trabada se enfrontar\u00e1 a A Lareira Os Meigallos FS \u201cB\u201d. Esta final sup\u00f3n un fito [&hellip;]<\/p>\n","protected":false},"author":1,"featured_media":7010,"comment_status":"closed","ping_status":"closed","sticky":false,"template":"","format":"standard","meta":{"footnotes":""},"categories":[90],"tags":[],"class_list":["post-7009","post","type-post","status-publish","format-standard","has-post-thumbnail","hentry","category-noticias"],"_links":{"self":[{"href":"https:\/\/trabada.gal\/gl\/wp-json\/wp\/v2\/posts\/7009","targetHints":{"allow":["GET"]}}],"collection":[{"href":"https:\/\/trabada.gal\/gl\/wp-json\/wp\/v2\/posts"}],"about":[{"href":"https:\/\/trabada.gal\/gl\/wp-json\/wp\/v2\/types\/post"}],"author":[{"embeddable":true,"href":"https:\/\/trabada.gal\/gl\/wp-json\/wp\/v2\/users\/1"}],"replies":[{"embeddable":true,"href":"https:\/\/trabada.gal\/gl\/wp-json\/wp\/v2\/comments?post=7009"}],"version-history":[{"count":0,"href":"https:\/\/trabada.gal\/gl\/wp-json\/wp\/v2\/posts\/7009\/revisions"}],"wp:featuredmedia":[{"embeddable":true,"href":"https:\/\/trabada.gal\/gl\/wp-json\/wp\/v2\/media\/7010"}],"wp:attachment":[{"href":"https:\/\/trabada.gal\/gl\/wp-json\/wp\/v2\/media?parent=7009"}],"wp:term":[{"taxonomy":"category","embeddable":true,"href":"https:\/\/trabada.gal\/gl\/wp-json\/wp\/v2\/categories?post=7009"},{"taxonomy":"post_tag","embeddable":true,"href":"https:\/\/trabada.gal\/gl\/wp-json\/wp\/v2\/tags?post=7009"}],"curies":[{"name":"wp","href":"https:\/\/api.w.org\/{rel}","templated":true}]}}