{"id":7018,"date":"2025-11-03T10:34:17","date_gmt":"2025-11-03T09:34:17","guid":{"rendered":"https:\/\/trabada.gal\/?p=7018"},"modified":"2025-11-03T11:36:15","modified_gmt":"2025-11-03T10:36:15","slug":"o-concello-de-trabada-remata-a-rehabilitacion-da-antiga-escola-de-balboa-que-se-destinara-a-vivenda-de-alugueiro-social","status":"publish","type":"post","link":"https:\/\/trabada.gal\/gl\/2025\/11\/03\/o-concello-de-trabada-remata-a-rehabilitacion-da-antiga-escola-de-balboa-que-se-destinara-a-vivenda-de-alugueiro-social\/","title":{"rendered":"O Concello de Trabada remata a rehabilitaci\u00f3n da antiga escola de Valboa, que se destinar\u00e1 a vivenda de alugueiro social"},"content":{"rendered":"<p><span style=\"font-weight: 400;\">O Concello de Trabada v\u00e9n de rematar as obras de rehabilitaci\u00f3n da antiga escola de Valboa, un proxecto que sup\u00f3n un investimento total de 52.631,56\u20ac, dos cales 43.054,9\u20ac foron achegados polo Instituto Galego de Vivenda e Solo (IGVS) e 9.576,59\u20ac foron financiados con fondos propios municipais.<\/span><\/p>\n<p><span style=\"font-weight: 400;\">O inmoble, completamente renovado, destinarase agora a vivenda de alugueiro social, seguindo a li\u00f1a de actuaci\u00f3n do Concello para po\u00f1er en valor o seu patrimonio municipal e ofrecer novas oportunidades de acceso \u00e1 vivenda en condici\u00f3ns asequibles.<\/span><\/p>\n<p><span style=\"font-weight: 400;\">O alcalde de Trabada, Rub\u00e9n Garc\u00eda, explicou que \u201ccon esta actuaci\u00f3n seguimos avanzando no noso compromiso de recuperar e dar uso \u00e1s antigas escolas e outros edificios municipais, destin\u00e1ndoos a vivenda social para veci\u00f1os e veci\u00f1as con necesidades habitacionais\u201d.<\/span><\/p>\n<p><span style=\"font-weight: 400;\">Ademais, adiantou que nas pr\u00f3ximas semanas abrirase o prazo de solicitudes para poder optar a esta nova vivenda, que se suma \u00e1s xa rehabilitadas en Sante, Vilapercide, Vidal e Trabadela, todas elas actualmente habitadas.<\/span><\/p>\n<p><span style=\"font-weight: 400;\">E engadiu\u00a0 \u201ccontinuaremos nos pr\u00f3ximos anos con novas rehabilitaci\u00f3ns deste tipo, contribu\u00edndo \u00e1 dinamizaci\u00f3n do rural, ao aproveitamento do patrimonio p\u00fablico e \u00e1 fixaci\u00f3n de poboaci\u00f3n no noso concello\u201d.<\/span><\/p>","protected":false},"excerpt":{"rendered":"<p>O Concello de Trabada v\u00e9n de rematar as obras de rehabilitaci\u00f3n da antiga escola de Valboa, un proxecto que sup\u00f3n un investimento total de 52.631,56\u20ac, dos cales 43.054,9\u20ac foron achegados polo Instituto Galego de Vivenda e Solo (IGVS) e 9.576,59\u20ac foron financiados con fondos propios municipais. O inmoble, completamente renovado, destinarase agora a vivenda de [&hellip;]<\/p>\n","protected":false},"author":1,"featured_media":7019,"comment_status":"closed","ping_status":"closed","sticky":false,"template":"","format":"standard","meta":{"footnotes":""},"categories":[90],"tags":[],"class_list":["post-7018","post","type-post","status-publish","format-standard","has-post-thumbnail","hentry","category-noticias"],"_links":{"self":[{"href":"https:\/\/trabada.gal\/gl\/wp-json\/wp\/v2\/posts\/7018","targetHints":{"allow":["GET"]}}],"collection":[{"href":"https:\/\/trabada.gal\/gl\/wp-json\/wp\/v2\/posts"}],"about":[{"href":"https:\/\/trabada.gal\/gl\/wp-json\/wp\/v2\/types\/post"}],"author":[{"embeddable":true,"href":"https:\/\/trabada.gal\/gl\/wp-json\/wp\/v2\/users\/1"}],"replies":[{"embeddable":true,"href":"https:\/\/trabada.gal\/gl\/wp-json\/wp\/v2\/comments?post=7018"}],"version-history":[{"count":0,"href":"https:\/\/trabada.gal\/gl\/wp-json\/wp\/v2\/posts\/7018\/revisions"}],"wp:featuredmedia":[{"embeddable":true,"href":"https:\/\/trabada.gal\/gl\/wp-json\/wp\/v2\/media\/7019"}],"wp:attachment":[{"href":"https:\/\/trabada.gal\/gl\/wp-json\/wp\/v2\/media?parent=7018"}],"wp:term":[{"taxonomy":"category","embeddable":true,"href":"https:\/\/trabada.gal\/gl\/wp-json\/wp\/v2\/categories?post=7018"},{"taxonomy":"post_tag","embeddable":true,"href":"https:\/\/trabada.gal\/gl\/wp-json\/wp\/v2\/tags?post=7018"}],"curies":[{"name":"wp","href":"https:\/\/api.w.org\/{rel}","templated":true}]}}