{"id":7022,"date":"2025-11-04T11:27:08","date_gmt":"2025-11-04T10:27:08","guid":{"rendered":"https:\/\/trabada.gal\/?p=7022"},"modified":"2025-11-04T11:27:08","modified_gmt":"2025-11-04T10:27:08","slug":"o-concello-de-trabada-informa-da-apertura-do-prazo-para-solicitar-prazas-no-programa-de-termalismo-social-do-imserso","status":"publish","type":"post","link":"https:\/\/trabada.gal\/gl\/2025\/11\/04\/o-concello-de-trabada-informa-da-apertura-do-prazo-para-solicitar-prazas-no-programa-de-termalismo-social-do-imserso\/","title":{"rendered":"O Concello de Trabada informa da apertura do prazo para solicitar prazas no Programa de Termalismo Social do Imserso"},"content":{"rendered":"<p><span style=\"font-weight: 400;\">O Concello de Trabada informa de que o Instituto de Maiores e Servizos Sociais (Imserso) v\u00e9n de abrir o prazo para que persoas pensionistas poidan solicitar prazas dentro do Programa de Termalismo Social para o ano 2026.<\/span><\/p>\n<p><span style=\"font-weight: 400;\">Poder\u00e1n participar neste programa aquelas persoas que cumpran alg\u00fan destes requisitos:<\/span><\/p>\n<ul>\n<li style=\"font-weight: 400;\" aria-level=\"1\"><span style=\"font-weight: 400;\">Pensionistas de xubilaci\u00f3n ou incapacidade permanente do Sistema da Seguridade Social espa\u00f1ol.<\/span><span style=\"font-weight: 400;\">\n<p><\/span><\/li>\n<li style=\"font-weight: 400;\" aria-level=\"1\"><span style=\"font-weight: 400;\">Pensionistas de viuvez con 55 ou m\u00e1is anos.<\/span><span style=\"font-weight: 400;\">\n<p><\/span><\/li>\n<li style=\"font-weight: 400;\" aria-level=\"1\"><span style=\"font-weight: 400;\">Pensionistas doutros conceptos ou persoas perceptoras de prestaci\u00f3ns ou subsidios de desemprego, con 60 ou m\u00e1is anos.<\/span><span style=\"font-weight: 400;\">\n<p><\/span><\/li>\n<li style=\"font-weight: 400;\" aria-level=\"1\"><span style=\"font-weight: 400;\">Asegurados ou beneficiarios do Sistema da Seguridade Social con 65 ou m\u00e1is anos.<\/span><span style=\"font-weight: 400;\">\n<p><\/span><\/li>\n<\/ul>\n<p><b>Prazos de presentaci\u00f3n de solicitudes<\/b><\/p>\n<p><span style=\"font-weight: 400;\">Para participar no proceso de adxudicaci\u00f3n de praza:<\/span><\/p>\n<ul>\n<li style=\"font-weight: 400;\" aria-level=\"1\"><span style=\"font-weight: 400;\">Para quendas de febreiro a agosto: ata o <\/span><b>4 de decembro de 2025<\/b><span style=\"font-weight: 400;\">.<\/span><span style=\"font-weight: 400;\">\n<p><\/span><\/li>\n<li style=\"font-weight: 400;\" aria-level=\"1\"><span style=\"font-weight: 400;\">Para quendas de setembro a decembro: ata o <\/span><b>15 de maio de 2026<\/b><span style=\"font-weight: 400;\">.<\/span><span style=\"font-weight: 400;\">\n<p><\/span><\/li>\n<\/ul>\n<p><span style=\"font-weight: 400;\">Para a inclusi\u00f3n na lista de espera (para cubrir prazas vacantes):<\/span><\/p>\n<ul>\n<li style=\"font-weight: 400;\" aria-level=\"1\"><span style=\"font-weight: 400;\">Para quendas de febreiro a agosto: ata o <\/span><b>14 de maio de 2026<\/b><span style=\"font-weight: 400;\">.<\/span><span style=\"font-weight: 400;\">\n<p><\/span><\/li>\n<li style=\"font-weight: 400;\" aria-level=\"1\"><span style=\"font-weight: 400;\">Para quendas de setembro a decembro: ata o <\/span><b>15 de outubro de 2026<\/b><span style=\"font-weight: 400;\">.<\/span><span style=\"font-weight: 400;\">\n<p><\/span><\/li>\n<\/ul>\n<p><span style=\"font-weight: 400;\">Desde o Concello de Trabada an\u00edmase \u00e1s persoas interesadas a solicitar m\u00e1is informaci\u00f3n e, no caso de precisalo, pedir axuda na tramitaci\u00f3n das solicitudes nas oficinas municipais, onde se prestar\u00e1 apoio para facilitar o proceso.<\/span><\/p>","protected":false},"excerpt":{"rendered":"<p>O Concello de Trabada informa de que o Instituto de Maiores e Servizos Sociais (Imserso) v\u00e9n de abrir o prazo para que persoas pensionistas poidan solicitar prazas dentro do Programa de Termalismo Social para o ano 2026. Poder\u00e1n participar neste programa aquelas persoas que cumpran alg\u00fan destes requisitos: Pensionistas de xubilaci\u00f3n ou incapacidade permanente do [&hellip;]<\/p>\n","protected":false},"author":1,"featured_media":7023,"comment_status":"closed","ping_status":"closed","sticky":false,"template":"","format":"standard","meta":{"footnotes":""},"categories":[90],"tags":[],"class_list":["post-7022","post","type-post","status-publish","format-standard","has-post-thumbnail","hentry","category-noticias"],"_links":{"self":[{"href":"https:\/\/trabada.gal\/gl\/wp-json\/wp\/v2\/posts\/7022","targetHints":{"allow":["GET"]}}],"collection":[{"href":"https:\/\/trabada.gal\/gl\/wp-json\/wp\/v2\/posts"}],"about":[{"href":"https:\/\/trabada.gal\/gl\/wp-json\/wp\/v2\/types\/post"}],"author":[{"embeddable":true,"href":"https:\/\/trabada.gal\/gl\/wp-json\/wp\/v2\/users\/1"}],"replies":[{"embeddable":true,"href":"https:\/\/trabada.gal\/gl\/wp-json\/wp\/v2\/comments?post=7022"}],"version-history":[{"count":0,"href":"https:\/\/trabada.gal\/gl\/wp-json\/wp\/v2\/posts\/7022\/revisions"}],"wp:featuredmedia":[{"embeddable":true,"href":"https:\/\/trabada.gal\/gl\/wp-json\/wp\/v2\/media\/7023"}],"wp:attachment":[{"href":"https:\/\/trabada.gal\/gl\/wp-json\/wp\/v2\/media?parent=7022"}],"wp:term":[{"taxonomy":"category","embeddable":true,"href":"https:\/\/trabada.gal\/gl\/wp-json\/wp\/v2\/categories?post=7022"},{"taxonomy":"post_tag","embeddable":true,"href":"https:\/\/trabada.gal\/gl\/wp-json\/wp\/v2\/tags?post=7022"}],"curies":[{"name":"wp","href":"https:\/\/api.w.org\/{rel}","templated":true}]}}