{"id":7036,"date":"2025-11-12T11:39:53","date_gmt":"2025-11-12T10:39:53","guid":{"rendered":"https:\/\/trabada.gal\/?p=7036"},"modified":"2025-11-12T11:40:59","modified_gmt":"2025-11-12T10:40:59","slug":"o-concello-de-trabada-apoia-un-intenso-fin-de-semana-festivo-en-vilarbetote-e-sante","status":"publish","type":"post","link":"https:\/\/trabada.gal\/gl\/2025\/11\/12\/o-concello-de-trabada-apoia-un-intenso-fin-de-semana-festivo-en-vilarbetote-e-sante\/","title":{"rendered":"O Concello de Trabada apoia un intenso fin de semana festivo en Vilarbetote e Sante"},"content":{"rendered":"<p><span style=\"font-weight: 400;\">O Concello de Trabada vivir\u00e1 esta fin de semana un amplo programa de actividades organizadas en colaboraci\u00f3n coas asociaci\u00f3ns veci\u00f1ais e comisi\u00f3ns de festas locais. A programaci\u00f3n arrincar\u00e1 o <\/span><b>s\u00e1bado 15 de novembro<\/b><span style=\"font-weight: 400;\"> coa celebraci\u00f3n de <\/span><b>San Briz 2025 en Vilarbetote<\/b><span style=\"font-weight: 400;\">, e continuar\u00e1 o <\/span><b>domingo 16 en Sante<\/b><span style=\"font-weight: 400;\"> cun <\/span><b>marat\u00f3n de tute e un gran cocido popular<\/b><span style=\"font-weight: 400;\">.<\/span><\/p>\n<p><span style=\"font-weight: 400;\">En Vilarbetote, a festa de San Briz incluir\u00e1 \u00e1s 13:00 horas a tradicional misa solemne, seguida da sesi\u00f3n verm\u00fa \u00e1s 13:30 e da verbena a partir das 22:00 horas, amenizada polo D\u00fao EPO-K. A xornada desenvolverase baixo carpa para garantir o bo ambiente independentemente do tempo.<\/span><\/p>\n<p><span style=\"font-weight: 400;\">O domingo 16 de novembro, a parroquia de Sante acoller\u00e1 d\u00faas citas moi esperadas: o Marat\u00f3n de Tute, que comezar\u00e1 \u00e1s 11:00 horas, e o Gran Cocido Popular, que se servir\u00e1 \u00e1s 14:30 horas no polideportivo da localidade. Desde a organizaci\u00f3n destacan a gran acollida destas actividades, cunha importante participaci\u00f3n xa confirmada. Ademais, o cocido est\u00e1 aberto a todas as persoas que desexen gozar da xornada, a\u00ednda que non participen no torneo de cartas.<\/span><\/p>\n<p><span style=\"font-weight: 400;\">O Concello de Trabada, a trav\u00e9s do seu alcalde Rub\u00e9n Garc\u00eda, quere po\u00f1er en valor \u201co traballo das asociaci\u00f3ns, clubs e comisi\u00f3ns de festas, que fan posible manter viva a nosa tradici\u00f3n e dinamizar o territorio cun calendario cheo de vida e participaci\u00f3n veci\u00f1al\u201d. O rexedor subli\u00f1a tam\u00e9n \u201ca importancia da colaboraci\u00f3n municipal para apoiar este tipo de eventos, que contrib\u00faen a fortalecer o tecido social e econ\u00f3mico das parroquias\u201d.<\/span><\/p>\n<p>&nbsp;<\/p>\n\n\t\t<style type=\"text\/css\">\n\t\t\t#gallery-1 {\n\t\t\t\tmargin: auto;\n\t\t\t}\n\t\t\t#gallery-1 .gallery-item {\n\t\t\t\tfloat: left;\n\t\t\t\tmargin-top: 10px;\n\t\t\t\ttext-align: center;\n\t\t\t\twidth: 33%;\n\t\t\t}\n\t\t\t#gallery-1 img {\n\t\t\t\tborder: 2px solid #cfcfcf;\n\t\t\t}\n\t\t\t#gallery-1 .gallery-caption {\n\t\t\t\tmargin-left: 0;\n\t\t\t}\n\t\t\t\/* see gallery_shortcode() in wp-includes\/media.php *\/\n\t\t<\/style>\n\t\t<div id='gallery-1' class='gallery galleryid-7036 gallery-columns-3 gallery-size-full'><dl class='gallery-item'>\n\t\t\t<dt class='gallery-icon portrait'>\n\t\t\t\t<a href='https:\/\/trabada.gal\/wp-content\/uploads\/2025\/11\/211.jpg'><img fetchpriority=\"high\" decoding=\"async\" width=\"1080\" height=\"1350\" src=\"https:\/\/trabada.gal\/wp-content\/uploads\/2025\/11\/211.jpg\" class=\"attachment-full size-full\" alt=\"O Concello de Trabada apoia un intenso fin de semana festivo en Vilarbetote e Sante\" srcset=\"https:\/\/trabada.gal\/wp-content\/uploads\/2025\/11\/211.jpg 1080w, https:\/\/trabada.gal\/wp-content\/uploads\/2025\/11\/211-240x300.jpg 240w, https:\/\/trabada.gal\/wp-content\/uploads\/2025\/11\/211-819x1024.jpg 819w, https:\/\/trabada.gal\/wp-content\/uploads\/2025\/11\/211-768x960.jpg 768w, https:\/\/trabada.gal\/wp-content\/uploads\/2025\/11\/211-10x12.jpg 10w, https:\/\/trabada.gal\/wp-content\/uploads\/2025\/11\/211-480x600.jpg 480w, https:\/\/trabada.gal\/wp-content\/uploads\/2025\/11\/211-448x560.jpg 448w\" sizes=\"(max-width: 1080px) 100vw, 1080px\" \/><\/a>\n\t\t\t<\/dt><\/dl><dl class='gallery-item'>\n\t\t\t<dt class='gallery-icon portrait'>\n\t\t\t\t<a href='https:\/\/trabada.gal\/wp-content\/uploads\/2025\/11\/212.jpg'><img decoding=\"async\" width=\"1080\" height=\"1350\" src=\"https:\/\/trabada.gal\/wp-content\/uploads\/2025\/11\/212.jpg\" class=\"attachment-full size-full\" alt=\"\" srcset=\"https:\/\/trabada.gal\/wp-content\/uploads\/2025\/11\/212.jpg 1080w, https:\/\/trabada.gal\/wp-content\/uploads\/2025\/11\/212-240x300.jpg 240w, https:\/\/trabada.gal\/wp-content\/uploads\/2025\/11\/212-819x1024.jpg 819w, https:\/\/trabada.gal\/wp-content\/uploads\/2025\/11\/212-768x960.jpg 768w, https:\/\/trabada.gal\/wp-content\/uploads\/2025\/11\/212-10x12.jpg 10w, https:\/\/trabada.gal\/wp-content\/uploads\/2025\/11\/212-480x600.jpg 480w, https:\/\/trabada.gal\/wp-content\/uploads\/2025\/11\/212-448x560.jpg 448w\" sizes=\"(max-width: 1080px) 100vw, 1080px\" \/><\/a>\n\t\t\t<\/dt><\/dl><dl class='gallery-item'>\n\t\t\t<dt class='gallery-icon portrait'>\n\t\t\t\t<a href='https:\/\/trabada.gal\/wp-content\/uploads\/2025\/11\/213.jpg'><img decoding=\"async\" width=\"1080\" height=\"1350\" src=\"https:\/\/trabada.gal\/wp-content\/uploads\/2025\/11\/213.jpg\" class=\"attachment-full size-full\" alt=\"\" srcset=\"https:\/\/trabada.gal\/wp-content\/uploads\/2025\/11\/213.jpg 1080w, https:\/\/trabada.gal\/wp-content\/uploads\/2025\/11\/213-240x300.jpg 240w, https:\/\/trabada.gal\/wp-content\/uploads\/2025\/11\/213-819x1024.jpg 819w, https:\/\/trabada.gal\/wp-content\/uploads\/2025\/11\/213-768x960.jpg 768w, https:\/\/trabada.gal\/wp-content\/uploads\/2025\/11\/213-10x12.jpg 10w, https:\/\/trabada.gal\/wp-content\/uploads\/2025\/11\/213-480x600.jpg 480w, https:\/\/trabada.gal\/wp-content\/uploads\/2025\/11\/213-448x560.jpg 448w\" sizes=\"(max-width: 1080px) 100vw, 1080px\" \/><\/a>\n\t\t\t<\/dt><\/dl><br style=\"clear: both\" \/>\n\t\t<\/div>\n\n<p>&nbsp;<\/p>","protected":false},"excerpt":{"rendered":"<p>O Concello de Trabada vivir\u00e1 esta fin de semana un amplo programa de actividades organizadas en colaboraci\u00f3n coas asociaci\u00f3ns veci\u00f1ais e comisi\u00f3ns de festas locais. A programaci\u00f3n arrincar\u00e1 o s\u00e1bado 15 de novembro coa celebraci\u00f3n de San Briz 2025 en Vilarbetote, e continuar\u00e1 o domingo 16 en Sante cun marat\u00f3n de tute e un gran [&hellip;]<\/p>\n","protected":false},"author":1,"featured_media":7037,"comment_status":"closed","ping_status":"closed","sticky":false,"template":"","format":"standard","meta":{"footnotes":""},"categories":[90],"tags":[],"class_list":["post-7036","post","type-post","status-publish","format-standard","has-post-thumbnail","hentry","category-noticias"],"_links":{"self":[{"href":"https:\/\/trabada.gal\/gl\/wp-json\/wp\/v2\/posts\/7036","targetHints":{"allow":["GET"]}}],"collection":[{"href":"https:\/\/trabada.gal\/gl\/wp-json\/wp\/v2\/posts"}],"about":[{"href":"https:\/\/trabada.gal\/gl\/wp-json\/wp\/v2\/types\/post"}],"author":[{"embeddable":true,"href":"https:\/\/trabada.gal\/gl\/wp-json\/wp\/v2\/users\/1"}],"replies":[{"embeddable":true,"href":"https:\/\/trabada.gal\/gl\/wp-json\/wp\/v2\/comments?post=7036"}],"version-history":[{"count":0,"href":"https:\/\/trabada.gal\/gl\/wp-json\/wp\/v2\/posts\/7036\/revisions"}],"wp:featuredmedia":[{"embeddable":true,"href":"https:\/\/trabada.gal\/gl\/wp-json\/wp\/v2\/media\/7037"}],"wp:attachment":[{"href":"https:\/\/trabada.gal\/gl\/wp-json\/wp\/v2\/media?parent=7036"}],"wp:term":[{"taxonomy":"category","embeddable":true,"href":"https:\/\/trabada.gal\/gl\/wp-json\/wp\/v2\/categories?post=7036"},{"taxonomy":"post_tag","embeddable":true,"href":"https:\/\/trabada.gal\/gl\/wp-json\/wp\/v2\/tags?post=7036"}],"curies":[{"name":"wp","href":"https:\/\/api.w.org\/{rel}","templated":true}]}}