{"id":7064,"date":"2025-12-02T11:09:00","date_gmt":"2025-12-02T10:09:00","guid":{"rendered":"https:\/\/trabada.gal\/?p=7064"},"modified":"2025-12-02T11:09:00","modified_gmt":"2025-12-02T10:09:00","slug":"o-concello-de-trabada-anuncia-unha-nova-campana-de-recollida-de-plasticos-agricolas","status":"publish","type":"post","link":"https:\/\/trabada.gal\/gl\/2025\/12\/02\/o-concello-de-trabada-anuncia-unha-nova-campana-de-recollida-de-plasticos-agricolas\/","title":{"rendered":"O Concello de Trabada anuncia unha nova campa\u00f1a de recollida de pl\u00e1sticos agr\u00edcolas"},"content":{"rendered":"<p><span style=\"font-weight: 400;\">O Concello de Trabada pon en marcha unha nova campa\u00f1a de recollida de pl\u00e1sticos agr\u00edcolas porta a porta, un servizo destinado a apoiar ao sector agrogandeiro do municipio e que se realizar\u00e1 entre o 15 e o 19 de decembro de 2025.<\/span><\/p>\n<p><span style=\"font-weight: 400;\">Tal e como explicou o alcalde, Rub\u00e9n Garc\u00eda, o obxectivo desta iniciativa \u00e9 facilitar a correcta xesti\u00f3n dos residuos pl\u00e1sticos das explotaci\u00f3ns agr\u00edcolas, mantendo o compromiso do Concello cun dos sectores econ\u00f3micos m\u00e1is importantes de Trabada.<\/span><\/p>\n<p><span style=\"font-weight: 400;\">Para facer uso do servizo, as persoas interesadas deber\u00e1n inscribirse previamente, ben chamando ao 982 135 011 ou ben acudindo \u00e1s oficinas municipais antes do 12 de decembro. Un cami\u00f3n municipal percorrer\u00e1 as explotaci\u00f3ns inscritas para realizar a recollida directamente.<\/span><\/p>\n<h3><b>Requisitos para a recollida<\/b><\/h3>\n<p><span style=\"font-weight: 400;\">Co fin de garantir un servizo eficaz, os pl\u00e1sticos deber\u00e1n:<\/span><\/p>\n<ol>\n<li style=\"font-weight: 400;\" aria-level=\"1\"><span style=\"font-weight: 400;\">Colocarse en puntos accesibles para o cami\u00f3n.<\/span><span style=\"font-weight: 400;\">\n<p><\/span><\/li>\n<li style=\"font-weight: 400;\" aria-level=\"1\"><span style=\"font-weight: 400;\">Estar afastados de tendidos el\u00e9ctricos e \u00e1rbores que dificulten a carga.<\/span><span style=\"font-weight: 400;\">\n<p><\/span><\/li>\n<li style=\"font-weight: 400;\" aria-level=\"1\"><span style=\"font-weight: 400;\">Entregarse pregados e atados.<\/span><span style=\"font-weight: 400;\">\n<p><\/span><\/li>\n<li style=\"font-weight: 400;\" aria-level=\"1\"><span style=\"font-weight: 400;\">Non conter arames, terra nin area.<\/span><span style=\"font-weight: 400;\">\n<p><\/span><\/li>\n<\/ol>\n<p><span style=\"font-weight: 400;\">O Concello lembra que esta recollida real\u00edzase d\u00faas veces ao ano, reafirmando as\u00ed o seu apoio continuado \u00e1s explotaci\u00f3ns gandeiras e agr\u00edcolas de Trabada e promovendo pr\u00e1cticas sostibles no medio rural.<\/span><\/p>\n<p><span style=\"font-weight: 400;\">Para m\u00e1is informaci\u00f3n, as persoas interesadas poden contactar co Concello de Trabada a trav\u00e9s dos seus medios habituais.<\/span><\/p>","protected":false},"excerpt":{"rendered":"<p>O Concello de Trabada pon en marcha unha nova campa\u00f1a de recollida de pl\u00e1sticos agr\u00edcolas porta a porta, un servizo destinado a apoiar ao sector agrogandeiro do municipio e que se realizar\u00e1 entre o 15 e o 19 de decembro de 2025. Tal e como explicou o alcalde, Rub\u00e9n Garc\u00eda, o obxectivo desta iniciativa \u00e9 [&hellip;]<\/p>\n","protected":false},"author":1,"featured_media":7065,"comment_status":"closed","ping_status":"closed","sticky":false,"template":"","format":"standard","meta":{"footnotes":""},"categories":[90],"tags":[],"class_list":["post-7064","post","type-post","status-publish","format-standard","has-post-thumbnail","hentry","category-noticias"],"_links":{"self":[{"href":"https:\/\/trabada.gal\/gl\/wp-json\/wp\/v2\/posts\/7064","targetHints":{"allow":["GET"]}}],"collection":[{"href":"https:\/\/trabada.gal\/gl\/wp-json\/wp\/v2\/posts"}],"about":[{"href":"https:\/\/trabada.gal\/gl\/wp-json\/wp\/v2\/types\/post"}],"author":[{"embeddable":true,"href":"https:\/\/trabada.gal\/gl\/wp-json\/wp\/v2\/users\/1"}],"replies":[{"embeddable":true,"href":"https:\/\/trabada.gal\/gl\/wp-json\/wp\/v2\/comments?post=7064"}],"version-history":[{"count":0,"href":"https:\/\/trabada.gal\/gl\/wp-json\/wp\/v2\/posts\/7064\/revisions"}],"wp:featuredmedia":[{"embeddable":true,"href":"https:\/\/trabada.gal\/gl\/wp-json\/wp\/v2\/media\/7065"}],"wp:attachment":[{"href":"https:\/\/trabada.gal\/gl\/wp-json\/wp\/v2\/media?parent=7064"}],"wp:term":[{"taxonomy":"category","embeddable":true,"href":"https:\/\/trabada.gal\/gl\/wp-json\/wp\/v2\/categories?post=7064"},{"taxonomy":"post_tag","embeddable":true,"href":"https:\/\/trabada.gal\/gl\/wp-json\/wp\/v2\/tags?post=7064"}],"curies":[{"name":"wp","href":"https:\/\/api.w.org\/{rel}","templated":true}]}}