{"id":7067,"date":"2025-12-04T11:41:49","date_gmt":"2025-12-04T10:41:49","guid":{"rendered":"https:\/\/trabada.gal\/?p=7067"},"modified":"2025-12-04T11:41:49","modified_gmt":"2025-12-04T10:41:49","slug":"o-concello-de-trabada-continua-cos-seus-ciclos-teatrais-coa-obra-sen-frores-nin-coroas","status":"publish","type":"post","link":"https:\/\/trabada.gal\/gl\/2025\/12\/04\/o-concello-de-trabada-continua-cos-seus-ciclos-teatrais-coa-obra-sen-frores-nin-coroas\/","title":{"rendered":"O Concello de Trabada contin\u00faa cos seus ciclos teatrais coa obra \u201cSen frores nin coroas\u201d"},"content":{"rendered":"<p><span style=\"font-weight: 400;\">O Concello de Trabada consolida a s\u00faa aposta pola cultura e polo teatro afeccionado coa continuaci\u00f3n dos ciclos teatrais que, como cada primeiro s\u00e1bado de mes, ofrecen \u00e1 veci\u00f1anza unha proposta esc\u00e9nica de calidade e aberta a todos os p\u00fablicos.<\/span><\/p>\n<p><span style=\"font-weight: 400;\">Este s\u00e1bado, 6 de decembro, \u00e1s 21:00 horas, o Sal\u00f3n de Actos da Casa da Cultura acoller\u00e1 a representaci\u00f3n da obra \u201cSen frores nin coroas\u201d, a cargo do grupo 57 Palabras, unha compa\u00f1\u00eda que chega a Trabada cunha peza cargada de humor, retranca e emoci\u00f3n.<\/span><\/p>\n<p><span style=\"font-weight: 400;\">O alcalde de Trabada, Rub\u00e9n Garc\u00eda, destaca a importancia de manter unha programaci\u00f3n cultural estable no municipio: \u201cestes ciclos teatrais mensuais son unha mostra do noso compromiso coa cultura de proximidade. Queremos que a veci\u00f1anza te\u00f1a acceso a propostas esc\u00e9nicas variadas, de calidade e que contrib\u00faan a dinamizar os nosos espazos p\u00fablicos\u201d, subli\u00f1ou. Engadiu ademais que \u201co teatro \u00e9 unha ferramenta fundamental para fomentar a convivencia, o pensamento cr\u00edtico e o goce compartido. Por iso seguiremos apostando por manter esta iniciativa ao longo de todo o ano\u201d.<\/span><\/p>\n<p><span style=\"font-weight: 400;\">O Concello invita a toda a cidadan\u00eda a gozar desta nova cita cultural e agradece a colaboraci\u00f3n da Deputaci\u00f3n de Lugo a trav\u00e9s da s\u00faa \u00e1rea de Cultura.<\/span><\/p>\n<p>&nbsp;<\/p>","protected":false},"excerpt":{"rendered":"<p>O Concello de Trabada consolida a s\u00faa aposta pola cultura e polo teatro afeccionado coa continuaci\u00f3n dos ciclos teatrais que, como cada primeiro s\u00e1bado de mes, ofrecen \u00e1 veci\u00f1anza unha proposta esc\u00e9nica de calidade e aberta a todos os p\u00fablicos. Este s\u00e1bado, 6 de decembro, \u00e1s 21:00 horas, o Sal\u00f3n de Actos da Casa da [&hellip;]<\/p>\n","protected":false},"author":1,"featured_media":7068,"comment_status":"closed","ping_status":"closed","sticky":false,"template":"","format":"standard","meta":{"footnotes":""},"categories":[90],"tags":[],"class_list":["post-7067","post","type-post","status-publish","format-standard","has-post-thumbnail","hentry","category-noticias"],"_links":{"self":[{"href":"https:\/\/trabada.gal\/gl\/wp-json\/wp\/v2\/posts\/7067","targetHints":{"allow":["GET"]}}],"collection":[{"href":"https:\/\/trabada.gal\/gl\/wp-json\/wp\/v2\/posts"}],"about":[{"href":"https:\/\/trabada.gal\/gl\/wp-json\/wp\/v2\/types\/post"}],"author":[{"embeddable":true,"href":"https:\/\/trabada.gal\/gl\/wp-json\/wp\/v2\/users\/1"}],"replies":[{"embeddable":true,"href":"https:\/\/trabada.gal\/gl\/wp-json\/wp\/v2\/comments?post=7067"}],"version-history":[{"count":0,"href":"https:\/\/trabada.gal\/gl\/wp-json\/wp\/v2\/posts\/7067\/revisions"}],"wp:featuredmedia":[{"embeddable":true,"href":"https:\/\/trabada.gal\/gl\/wp-json\/wp\/v2\/media\/7068"}],"wp:attachment":[{"href":"https:\/\/trabada.gal\/gl\/wp-json\/wp\/v2\/media?parent=7067"}],"wp:term":[{"taxonomy":"category","embeddable":true,"href":"https:\/\/trabada.gal\/gl\/wp-json\/wp\/v2\/categories?post=7067"},{"taxonomy":"post_tag","embeddable":true,"href":"https:\/\/trabada.gal\/gl\/wp-json\/wp\/v2\/tags?post=7067"}],"curies":[{"name":"wp","href":"https:\/\/api.w.org\/{rel}","templated":true}]}}