{"id":7089,"date":"2026-01-26T13:29:27","date_gmt":"2026-01-26T12:29:27","guid":{"rendered":"https:\/\/trabada.gal\/?p=7089"},"modified":"2026-01-26T13:29:27","modified_gmt":"2026-01-26T12:29:27","slug":"continua-o-programa-viaxa-co-concello-de-trabada-cunha-nova-saida-en-marzo","status":"publish","type":"post","link":"https:\/\/trabada.gal\/gl\/2026\/01\/26\/continua-o-programa-viaxa-co-concello-de-trabada-cunha-nova-saida-en-marzo\/","title":{"rendered":"Contin\u00faa o programa \u201cViaxa co Concello de Trabada\u201d cunha nova sa\u00edda en marzo"},"content":{"rendered":"<p><span style=\"font-weight: 400;\">O Concello de Trabada d\u00e1 continuidade ao programa \u201cViaxa co Concello de Trabada\u201d, unha iniciativa que conta cunha excelente acollida entre a veci\u00f1anza e que ten como obxectivo ofrecer alternativas de lecer, convivencia e descubrimento doutros territorios, sempre con todas as garant\u00edas de seguridade e organizaci\u00f3n.<\/span><\/p>\n<p><span style=\"font-weight: 400;\">Nesta nova edici\u00f3n, o programa incl\u00fae unha viaxe que ter\u00e1 lugar os d\u00edas 13, 14 e 15 de marzo, con destino a San Sebasti\u00e1n, Castro Urdiales, Bilbao e San Juan de Gaztelugatxe. O prezo da viaxe ser\u00e1 de 265 euros por persoa.<\/span><\/p>\n<p><span style=\"font-weight: 400;\">O paquete incl\u00fae seguro de viaxe, d\u00faas noites en hotel de catro estrelas en habitaci\u00f3n dobre, almorzos buffet de s\u00e1bado e domingo, cea buffet os venres e s\u00e1bados, comida o venres e o domingo, as\u00ed como a entrada ao tren tur\u00edstico en San Sebasti\u00e1n. A comida do s\u00e1bado realizarase a trav\u00e9s dunha ruta gastron\u00f3mica por San Sebasti\u00e1n, non inclu\u00edda no prezo.<\/span><\/p>\n<p><span style=\"font-weight: 400;\">As prazas son limitadas e est\u00e1n dirixidas prioritariamente a veci\u00f1os e veci\u00f1as empadroados no Concello de Trabada e maiores de idade. A inscrici\u00f3n e o pagamento realizaranse nas oficinas municipais. O prazo de inscrici\u00f3n abrirase ma\u00f1\u00e1, martes 27 de xaneiro, \u00e1s 9:00 horas, e permanecer\u00e1 aberto ata o 6 de febreiro. No caso de quedaren prazas libres unha vez rematado o prazo, poder\u00e1n participar persoas con familiares empadroados no concello, previa inscrici\u00f3n.<\/span><\/p>\n<p><span style=\"font-weight: 400;\">O alcalde de Trabada, Rub\u00e9n Garc\u00eda, xunto cunha concelleira do equipo de goberno, presentaron esta nova edici\u00f3n do programa e destacaron a boa acollida que te\u00f1en este tipo de iniciativas. O rexedor sinalou que \u201cseguimos apostando por programas que permiten \u00e1 nosa veci\u00f1anza gozar de experiencias culturais e tur\u00edsticas, favorecendo tam\u00e9n a convivencia e o envellecemento activo, sempre cunha organizaci\u00f3n segura e de calidade\u201d.<\/span><\/p>\n<p><span style=\"font-weight: 400;\">Desde o Concello subli\u00f1an que \u201cViaxa co Concello de Trabada\u201d forma parte dunha li\u00f1a de traballo orientada a ofrecer propostas atractivas para a veci\u00f1anza, facilitando o acceso a viaxes organizadas e contribu\u00edndo ao benestar social e \u00e1 participaci\u00f3n activa dos veci\u00f1os e veci\u00f1as do municipio.<\/span><\/p>\n<p><img fetchpriority=\"high\" decoding=\"async\" class=\"alignnone wp-image-7091 size-large\" src=\"https:\/\/trabada.gal\/wp-content\/uploads\/2026\/01\/NUEVOS-POSTS-CONCELLO-DE-TRABADA-1080-x-1350-px-2-819x1024.jpg\" alt=\"Contin\u00faa o programa \u201cViaxa co Concello de Trabada\u201d cunha nova sa\u00edda en marzo cartel\" width=\"819\" height=\"1024\" srcset=\"https:\/\/trabada.gal\/wp-content\/uploads\/2026\/01\/NUEVOS-POSTS-CONCELLO-DE-TRABADA-1080-x-1350-px-2-819x1024.jpg 819w, https:\/\/trabada.gal\/wp-content\/uploads\/2026\/01\/NUEVOS-POSTS-CONCELLO-DE-TRABADA-1080-x-1350-px-2-240x300.jpg 240w, https:\/\/trabada.gal\/wp-content\/uploads\/2026\/01\/NUEVOS-POSTS-CONCELLO-DE-TRABADA-1080-x-1350-px-2-768x960.jpg 768w, https:\/\/trabada.gal\/wp-content\/uploads\/2026\/01\/NUEVOS-POSTS-CONCELLO-DE-TRABADA-1080-x-1350-px-2-10x12.jpg 10w, https:\/\/trabada.gal\/wp-content\/uploads\/2026\/01\/NUEVOS-POSTS-CONCELLO-DE-TRABADA-1080-x-1350-px-2-480x600.jpg 480w, https:\/\/trabada.gal\/wp-content\/uploads\/2026\/01\/NUEVOS-POSTS-CONCELLO-DE-TRABADA-1080-x-1350-px-2-448x560.jpg 448w, https:\/\/trabada.gal\/wp-content\/uploads\/2026\/01\/NUEVOS-POSTS-CONCELLO-DE-TRABADA-1080-x-1350-px-2.jpg 1080w\" sizes=\"(max-width: 819px) 100vw, 819px\" \/><\/p>","protected":false},"excerpt":{"rendered":"<p>O Concello de Trabada d\u00e1 continuidade ao programa \u201cViaxa co Concello de Trabada\u201d, unha iniciativa que conta cunha excelente acollida entre a veci\u00f1anza e que ten como obxectivo ofrecer alternativas de lecer, convivencia e descubrimento doutros territorios, sempre con todas as garant\u00edas de seguridade e organizaci\u00f3n. Nesta nova edici\u00f3n, o programa incl\u00fae unha viaxe que [&hellip;]<\/p>\n","protected":false},"author":1,"featured_media":7090,"comment_status":"closed","ping_status":"closed","sticky":false,"template":"","format":"standard","meta":{"footnotes":""},"categories":[90],"tags":[],"class_list":["post-7089","post","type-post","status-publish","format-standard","has-post-thumbnail","hentry","category-noticias"],"_links":{"self":[{"href":"https:\/\/trabada.gal\/gl\/wp-json\/wp\/v2\/posts\/7089","targetHints":{"allow":["GET"]}}],"collection":[{"href":"https:\/\/trabada.gal\/gl\/wp-json\/wp\/v2\/posts"}],"about":[{"href":"https:\/\/trabada.gal\/gl\/wp-json\/wp\/v2\/types\/post"}],"author":[{"embeddable":true,"href":"https:\/\/trabada.gal\/gl\/wp-json\/wp\/v2\/users\/1"}],"replies":[{"embeddable":true,"href":"https:\/\/trabada.gal\/gl\/wp-json\/wp\/v2\/comments?post=7089"}],"version-history":[{"count":0,"href":"https:\/\/trabada.gal\/gl\/wp-json\/wp\/v2\/posts\/7089\/revisions"}],"wp:featuredmedia":[{"embeddable":true,"href":"https:\/\/trabada.gal\/gl\/wp-json\/wp\/v2\/media\/7090"}],"wp:attachment":[{"href":"https:\/\/trabada.gal\/gl\/wp-json\/wp\/v2\/media?parent=7089"}],"wp:term":[{"taxonomy":"category","embeddable":true,"href":"https:\/\/trabada.gal\/gl\/wp-json\/wp\/v2\/categories?post=7089"},{"taxonomy":"post_tag","embeddable":true,"href":"https:\/\/trabada.gal\/gl\/wp-json\/wp\/v2\/tags?post=7089"}],"curies":[{"name":"wp","href":"https:\/\/api.w.org\/{rel}","templated":true}]}}