{"id":7093,"date":"2026-01-02T13:45:01","date_gmt":"2026-01-02T12:45:01","guid":{"rendered":"https:\/\/trabada.gal\/?p=7093"},"modified":"2026-01-26T13:56:46","modified_gmt":"2026-01-26T12:56:46","slug":"os-reis-magos-chegan-a-trabada-nunha-fin-de-semana-con-teatro-e-tradicion","status":"publish","type":"post","link":"https:\/\/trabada.gal\/gl\/2026\/01\/02\/os-reis-magos-chegan-a-trabada-nunha-fin-de-semana-con-teatro-e-tradicion\/","title":{"rendered":"Os Reis Magos chegan a Trabada nunha fin de semana con teatro e tradici\u00f3n"},"content":{"rendered":"<p><span style=\"font-weight: 400;\">O Concello de Trabada mant\u00e9n activa a s\u00faa programaci\u00f3n cultural durante todo o ano e este primeiro fin de semana de xaneiro ofrece d\u00faas citas destacadas, pensadas para p\u00fablicos de todas as idades.<\/span><\/p>\n<p><span style=\"font-weight: 400;\">Por unha banda, o s\u00e1bado 3 de xaneiro, \u00e1s 21:00 horas, a Casa da Cultura de Trabada acoller\u00e1 a representaci\u00f3n teatral \u201cAi! Se\u00f1or, se\u00f1or\u2026\u201d, a cargo do grupo Adala. Esta actuaci\u00f3n enm\u00e1rcase dentro dos ciclos culturais que o Concello v\u00e9n desenvolvendo de maneira regular, apostando polo teatro e pola dinamizaci\u00f3n cultural no municipio.<\/span><\/p>\n<p><span style=\"font-weight: 400;\">Xa o domingo 4 de xaneiro, Trabada vivir\u00e1 un dos momentos m\u00e1is agardados polas familias coa celebraci\u00f3n da tradicional Cabalgata dos Reis Magos, organizada pola Asociaci\u00f3n Cultural O Picato, coa colaboraci\u00f3n do Concello. A partir das 16:00 horas, os Reis Magos visitar\u00e1n o CAM, onde se far\u00e1 entrega de rosc\u00f3ns para os maiores. \u00c1s 17:30 horas dar\u00e1 comezo a cabalgata, cun percorrido desde a Casa da Cultura ata o Pavill\u00f3n Municipal de Deportes, acompa\u00f1ados polo grupo de gaitas Brisas del Eo.<\/span><\/p>\n<p><span style=\"font-weight: 400;\">Ao remate, os Reis Magos recibir\u00e1n aos nenos e nenas, aos que lles entregar\u00e1n un agasallo. Ademais, haber\u00e1 chocolate e rosc\u00f3n de Reis para todas as persoas asistentes.<\/span><\/p>\n<p><span style=\"font-weight: 400;\">Desde o Concello de Trabada an\u00edmase \u00e1 veci\u00f1anza e \u00e1s persoas que nos visiten a participar nestas actividades, que combinan cultura, tradici\u00f3n e convivencia, e que contrib\u00faen a manter viva a programaci\u00f3n cultural e festiva do concello.<br \/>\n<\/span><\/p>\n<p><img fetchpriority=\"high\" decoding=\"async\" class=\"alignnone wp-image-7095 size-large\" src=\"https:\/\/trabada.gal\/wp-content\/uploads\/2026\/01\/608983469_1301199182046591_8115734920601728115_n-819x1024.jpg\" alt=\"Os Reis Magos chegan a Trabada nunha fin de semana con teatro e tradici\u00f3n 2\" width=\"819\" height=\"1024\" srcset=\"https:\/\/trabada.gal\/wp-content\/uploads\/2026\/01\/608983469_1301199182046591_8115734920601728115_n-819x1024.jpg 819w, https:\/\/trabada.gal\/wp-content\/uploads\/2026\/01\/608983469_1301199182046591_8115734920601728115_n-240x300.jpg 240w, https:\/\/trabada.gal\/wp-content\/uploads\/2026\/01\/608983469_1301199182046591_8115734920601728115_n-768x960.jpg 768w, https:\/\/trabada.gal\/wp-content\/uploads\/2026\/01\/608983469_1301199182046591_8115734920601728115_n-10x12.jpg 10w, https:\/\/trabada.gal\/wp-content\/uploads\/2026\/01\/608983469_1301199182046591_8115734920601728115_n-480x600.jpg 480w, https:\/\/trabada.gal\/wp-content\/uploads\/2026\/01\/608983469_1301199182046591_8115734920601728115_n-448x560.jpg 448w, https:\/\/trabada.gal\/wp-content\/uploads\/2026\/01\/608983469_1301199182046591_8115734920601728115_n.jpg 1080w\" sizes=\"(max-width: 819px) 100vw, 819px\" \/><\/p>","protected":false},"excerpt":{"rendered":"<p>O Concello de Trabada mant\u00e9n activa a s\u00faa programaci\u00f3n cultural durante todo o ano e este primeiro fin de semana de xaneiro ofrece d\u00faas citas destacadas, pensadas para p\u00fablicos de todas as idades. Por unha banda, o s\u00e1bado 3 de xaneiro, \u00e1s 21:00 horas, a Casa da Cultura de Trabada acoller\u00e1 a representaci\u00f3n teatral \u201cAi! [&hellip;]<\/p>\n","protected":false},"author":1,"featured_media":7094,"comment_status":"closed","ping_status":"closed","sticky":false,"template":"","format":"standard","meta":{"footnotes":""},"categories":[90],"tags":[],"class_list":["post-7093","post","type-post","status-publish","format-standard","has-post-thumbnail","hentry","category-noticias"],"_links":{"self":[{"href":"https:\/\/trabada.gal\/gl\/wp-json\/wp\/v2\/posts\/7093","targetHints":{"allow":["GET"]}}],"collection":[{"href":"https:\/\/trabada.gal\/gl\/wp-json\/wp\/v2\/posts"}],"about":[{"href":"https:\/\/trabada.gal\/gl\/wp-json\/wp\/v2\/types\/post"}],"author":[{"embeddable":true,"href":"https:\/\/trabada.gal\/gl\/wp-json\/wp\/v2\/users\/1"}],"replies":[{"embeddable":true,"href":"https:\/\/trabada.gal\/gl\/wp-json\/wp\/v2\/comments?post=7093"}],"version-history":[{"count":0,"href":"https:\/\/trabada.gal\/gl\/wp-json\/wp\/v2\/posts\/7093\/revisions"}],"wp:featuredmedia":[{"embeddable":true,"href":"https:\/\/trabada.gal\/gl\/wp-json\/wp\/v2\/media\/7094"}],"wp:attachment":[{"href":"https:\/\/trabada.gal\/gl\/wp-json\/wp\/v2\/media?parent=7093"}],"wp:term":[{"taxonomy":"category","embeddable":true,"href":"https:\/\/trabada.gal\/gl\/wp-json\/wp\/v2\/categories?post=7093"},{"taxonomy":"post_tag","embeddable":true,"href":"https:\/\/trabada.gal\/gl\/wp-json\/wp\/v2\/tags?post=7093"}],"curies":[{"name":"wp","href":"https:\/\/api.w.org\/{rel}","templated":true}]}}