{"id":7097,"date":"2026-01-05T13:58:29","date_gmt":"2026-01-05T12:58:29","guid":{"rendered":"https:\/\/trabada.gal\/?p=7097"},"modified":"2026-01-26T13:59:31","modified_gmt":"2026-01-26T12:59:31","slug":"continuan-en-trabada-as-formacions-dixitais-do-programa-e-para-dixitalizarse-lugo","status":"publish","type":"post","link":"https:\/\/trabada.gal\/gl\/2026\/01\/05\/continuan-en-trabada-as-formacions-dixitais-do-programa-e-para-dixitalizarse-lugo\/","title":{"rendered":"Contin\u00faan en Trabada as formaci\u00f3ns dixitais do programa \u201cE para dixitalizarse, Lugo\u201d"},"content":{"rendered":"<p><span style=\"font-weight: 400;\">O Concello de Trabada contin\u00faa a apostar pola capacitaci\u00f3n dixital da veci\u00f1anza coa celebraci\u00f3n dunha nova acci\u00f3n formativa enmarcada no programa \u201cE para dixitalizarse, Lugo\u201d, tras o \u00e9xito das formaci\u00f3ns desenvolvidas a finais do pasado ano no municipio.<\/span><\/p>\n<p><span style=\"font-weight: 400;\">Nesta ocasi\u00f3n, a actividade levarase a cabo baixo o t\u00edtulo \u201cCiberseguridade: acoso, grooming e estafas\u201d, unha formaci\u00f3n orientada a dotar \u00e1 cidadan\u00eda de ferramentas b\u00e1sicas para identificar riscos en internet e facer un uso seguro e responsable das tecnolox\u00edas dixitais.<\/span><\/p>\n<p><span style=\"font-weight: 400;\">A formaci\u00f3n ter\u00e1 lugar na Casa da Cultura de Trabada (R\u00faa do Concello, 40), os d\u00edas 2, 3, 4, 9, 10, 11 e 16 de febreiro, en horario de 10:00 a 13:00 horas. O curso conta cun total de 12 prazas e o prazo de inscrici\u00f3n permanecer\u00e1 aberto ata o 17 de xaneiro.<\/span><\/p>\n<p><span style=\"font-weight: 400;\">Este obradoiro forma parte do amplo programa de formaci\u00f3ns dixitais que incl\u00fae contidos como o uso b\u00e1sico da inform\u00e1tica, a sinatura dixital e certificados electr\u00f3nicos, o manexo do tel\u00e9fono m\u00f3bil, a banca electr\u00f3nica, o uso seguro de internet, a busca de emprego en li\u00f1a ou o uso das aplicaci\u00f3ns de Google, entre outros.<\/span><\/p>\n<p><span style=\"font-weight: 400;\">O alcalde de Trabada, Rub\u00e9n Garc\u00eda, destacou a importancia de dar continuidade a este tipo de iniciativas: \u201ccon este novo curso seguimos traballando para reducir a fenda dixital e ofrecer co\u00f1ecementos pr\u00e1cticos que melloren a seguridade e a autonom\u00eda das persoas no uso das novas tecnolox\u00edas.\u201d O\u00a0 rexedor subli\u00f1ou tam\u00e9n que a ciberseguridade \u00e9 unha cuesti\u00f3n clave na actualidade: \u201cqueremos que a xente de Trabada saiba identificar posibles riscos en internet e te\u00f1a as ferramentas necesarias para protexerse fronte a estafas ou situaci\u00f3ns de acoso dixital.\u201d<\/span><\/p>\n<p><span style=\"font-weight: 400;\">As persoas interesadas deben anotarse de forma presencial no Concello de Trabada.\u00a0<\/span><\/p>","protected":false},"excerpt":{"rendered":"<p>O Concello de Trabada contin\u00faa a apostar pola capacitaci\u00f3n dixital da veci\u00f1anza coa celebraci\u00f3n dunha nova acci\u00f3n formativa enmarcada no programa \u201cE para dixitalizarse, Lugo\u201d, tras o \u00e9xito das formaci\u00f3ns desenvolvidas a finais do pasado ano no municipio. Nesta ocasi\u00f3n, a actividade levarase a cabo baixo o t\u00edtulo \u201cCiberseguridade: acoso, grooming e estafas\u201d, unha formaci\u00f3n [&hellip;]<\/p>\n","protected":false},"author":1,"featured_media":7098,"comment_status":"closed","ping_status":"closed","sticky":false,"template":"","format":"standard","meta":{"footnotes":""},"categories":[90],"tags":[],"class_list":["post-7097","post","type-post","status-publish","format-standard","has-post-thumbnail","hentry","category-noticias"],"_links":{"self":[{"href":"https:\/\/trabada.gal\/gl\/wp-json\/wp\/v2\/posts\/7097","targetHints":{"allow":["GET"]}}],"collection":[{"href":"https:\/\/trabada.gal\/gl\/wp-json\/wp\/v2\/posts"}],"about":[{"href":"https:\/\/trabada.gal\/gl\/wp-json\/wp\/v2\/types\/post"}],"author":[{"embeddable":true,"href":"https:\/\/trabada.gal\/gl\/wp-json\/wp\/v2\/users\/1"}],"replies":[{"embeddable":true,"href":"https:\/\/trabada.gal\/gl\/wp-json\/wp\/v2\/comments?post=7097"}],"version-history":[{"count":0,"href":"https:\/\/trabada.gal\/gl\/wp-json\/wp\/v2\/posts\/7097\/revisions"}],"wp:featuredmedia":[{"embeddable":true,"href":"https:\/\/trabada.gal\/gl\/wp-json\/wp\/v2\/media\/7098"}],"wp:attachment":[{"href":"https:\/\/trabada.gal\/gl\/wp-json\/wp\/v2\/media?parent=7097"}],"wp:term":[{"taxonomy":"category","embeddable":true,"href":"https:\/\/trabada.gal\/gl\/wp-json\/wp\/v2\/categories?post=7097"},{"taxonomy":"post_tag","embeddable":true,"href":"https:\/\/trabada.gal\/gl\/wp-json\/wp\/v2\/tags?post=7097"}],"curies":[{"name":"wp","href":"https:\/\/api.w.org\/{rel}","templated":true}]}}