{"id":7100,"date":"2026-01-07T14:01:26","date_gmt":"2026-01-07T13:01:26","guid":{"rendered":"https:\/\/trabada.gal\/?p=7100"},"modified":"2026-01-26T14:03:39","modified_gmt":"2026-01-26T13:03:39","slug":"o-concello-de-trabada-remata-as-obras-de-renovacion-do-parque-infantil-de-fornea","status":"publish","type":"post","link":"https:\/\/trabada.gal\/gl\/2026\/01\/07\/o-concello-de-trabada-remata-as-obras-de-renovacion-do-parque-infantil-de-fornea\/","title":{"rendered":"O Concello de Trabada remata as obras de renovaci\u00f3n do parque infantil de F\u00f3rnea"},"content":{"rendered":"<p><span style=\"font-weight: 400;\">O Concello de Trabada v\u00e9n de finalizar as obras de renovaci\u00f3n integral do parque infantil da parroquia de F\u00f3rnea, unha actuaci\u00f3n cun investimento de algo m\u00e1is de 50.000 euros, que foi posible grazas a un convenio asinado polo alcalde, Rub\u00e9n Garc\u00eda, coa Deputaci\u00f3n de Lugo.<\/span><\/p>\n<p><span style=\"font-weight: 400;\">Esta intervenci\u00f3n sup\u00f3n unha mellora significativa dun espazo destinado ao lecer e \u00e1 convivencia da veci\u00f1anza m\u00e1is nova, dotando o parque de novos xogos e elementos m\u00e1is seguros, modernos e adaptados \u00e1s necesidades actuais.<\/span><\/p>\n<p><span style=\"font-weight: 400;\">O alcalde de Trabada, Rub\u00e9n Garc\u00eda, destacou que \u201cesta actuaci\u00f3n enm\u00e1rcase na li\u00f1a de traballo que vimos desenvolvendo nos \u00faltimos anos para renovar e mellorar os parques infant\u00eds de todo o concello, ofrecendo espazos de calidade para os nenos e nenas e tam\u00e9n para as s\u00faas familias\u201d.<\/span><\/p>\n<p><span style=\"font-weight: 400;\">Neste sentido, lembrou que xa se levou a cabo a renovaci\u00f3n do parque infantil de Trabada, o da R\u00faa San Roque, o de Sante e agora o de F\u00f3rnea, \u201co que demostra o compromiso do Concello por chegar a todas as parroquias\u201d.<\/span><\/p>\n<p><span style=\"font-weight: 400;\">Desde o Concello subl\u00ed\u00f1ase que estas actuaci\u00f3ns forman parte do obxectivo de seguir mellorando as infraestruturas municipais e os servizos p\u00fablicos, neste caso centrados no p\u00fablico infantil, contribu\u00edndo as\u00ed a unha maior calidade de vida da veci\u00f1anza e a fixar poboaci\u00f3n no rural.<\/span><span style=\"font-weight: 400;\"><br \/>\n<\/span><span style=\"font-weight: 400;\"><br \/>\n<\/span><span style=\"font-weight: 400;\">O alcalde e a concelleira do equipo de goberno, Pilar Fern\u00e1ndez, visitaron o parque infantil de F\u00f3rnea unha vez rematadas as obras, co obxectivo de comprobar o estado final da actuaci\u00f3n e o resultado desta mellora, que xa est\u00e1 a disposici\u00f3n da veci\u00f1anza da parroquia.<\/span><\/p>","protected":false},"excerpt":{"rendered":"<p>O Concello de Trabada v\u00e9n de finalizar as obras de renovaci\u00f3n integral do parque infantil da parroquia de F\u00f3rnea, unha actuaci\u00f3n cun investimento de algo m\u00e1is de 50.000 euros, que foi posible grazas a un convenio asinado polo alcalde, Rub\u00e9n Garc\u00eda, coa Deputaci\u00f3n de Lugo. Esta intervenci\u00f3n sup\u00f3n unha mellora significativa dun espazo destinado ao [&hellip;]<\/p>\n","protected":false},"author":1,"featured_media":7101,"comment_status":"closed","ping_status":"closed","sticky":false,"template":"","format":"standard","meta":{"footnotes":""},"categories":[90],"tags":[],"class_list":["post-7100","post","type-post","status-publish","format-standard","has-post-thumbnail","hentry","category-noticias"],"_links":{"self":[{"href":"https:\/\/trabada.gal\/gl\/wp-json\/wp\/v2\/posts\/7100","targetHints":{"allow":["GET"]}}],"collection":[{"href":"https:\/\/trabada.gal\/gl\/wp-json\/wp\/v2\/posts"}],"about":[{"href":"https:\/\/trabada.gal\/gl\/wp-json\/wp\/v2\/types\/post"}],"author":[{"embeddable":true,"href":"https:\/\/trabada.gal\/gl\/wp-json\/wp\/v2\/users\/1"}],"replies":[{"embeddable":true,"href":"https:\/\/trabada.gal\/gl\/wp-json\/wp\/v2\/comments?post=7100"}],"version-history":[{"count":0,"href":"https:\/\/trabada.gal\/gl\/wp-json\/wp\/v2\/posts\/7100\/revisions"}],"wp:featuredmedia":[{"embeddable":true,"href":"https:\/\/trabada.gal\/gl\/wp-json\/wp\/v2\/media\/7101"}],"wp:attachment":[{"href":"https:\/\/trabada.gal\/gl\/wp-json\/wp\/v2\/media?parent=7100"}],"wp:term":[{"taxonomy":"category","embeddable":true,"href":"https:\/\/trabada.gal\/gl\/wp-json\/wp\/v2\/categories?post=7100"},{"taxonomy":"post_tag","embeddable":true,"href":"https:\/\/trabada.gal\/gl\/wp-json\/wp\/v2\/tags?post=7100"}],"curies":[{"name":"wp","href":"https:\/\/api.w.org\/{rel}","templated":true}]}}