{"id":7103,"date":"2026-01-08T15:47:33","date_gmt":"2026-01-08T14:47:33","guid":{"rendered":"https:\/\/trabada.gal\/?p=7103"},"modified":"2026-01-26T15:48:13","modified_gmt":"2026-01-26T14:48:13","slug":"sante-abre-o-calendario-festivo-de-2026-en-trabada-coa-celebracion-de-san-xulian","status":"publish","type":"post","link":"https:\/\/trabada.gal\/gl\/2026\/01\/08\/sante-abre-o-calendario-festivo-de-2026-en-trabada-coa-celebracion-de-san-xulian\/","title":{"rendered":"Sante abre o calendario festivo de 2026 en Trabada coa celebraci\u00f3n de San Xuli\u00e1n"},"content":{"rendered":"<p><span style=\"font-weight: 400;\">\u00a0A parroquia de Sante comezar\u00e1 o ano celebrando a tradicional festa na honra do seu patr\u00f3n, San Xuli\u00e1n, que ter\u00e1 lugar o s\u00e1bado 10 de xaneiro no polideportivo da parroquia, dando as\u00ed o pistoletazo de sa\u00edda ao calendario festivo do 2026 no Concello de Trabada.<\/span><\/p>\n<p><span style=\"font-weight: 400;\">Os actos dar\u00e1n comezo \u00e1s 13:00 horas coa misa solemne, \u00e1 que seguir\u00e1 unha sesi\u00f3n verm\u00fa amenizada polo D\u00fao Colimbo. Xa pola tarde, \u00e1s 15:00 horas, celebrarase un cocido popular, que contar\u00e1 cun completo men\u00fa tradicional e que rematar\u00e1 cunha animada sesi\u00f3n de baile \u201cmentres o corpo aguante\u201d.<\/span><\/p>\n<p><span style=\"font-weight: 400;\">A festa est\u00e1 organizada pola Comisi\u00f3n de Festas de Sante e pola Asociaci\u00f3n de Veci\u00f1os San Juli\u00e1n de Sante, contando coa colaboraci\u00f3n do Concello de Trabada, que contin\u00faa apoiando activamente as celebraci\u00f3ns parroquiais e o traballo do tecido asociativo local.<\/span><\/p>\n<p><span style=\"font-weight: 400;\">O alcalde de Trabada, Rub\u00e9n Garc\u00eda, destacou que \u201c\u00e9 unha satisfacci\u00f3n comezar o ano con festas nas parroquias, porque son un punto de encontro para a veci\u00f1anza e contrib\u00faen a manter vivas as nosas tradici\u00f3ns\u201d. O rexedor engadiu que \u201cdesde o Concello seguiremos colaborando coas comisi\u00f3ns de festas e asociaci\u00f3ns veci\u00f1ais, porque o seu labor \u00e9 fundamental para dinamizar a vida social e cultural do noso municipio\u201d.<\/span><\/p>\n<p><span style=\"font-weight: 400;\">Desde o Concello de Trabada an\u00edmase a toda a veci\u00f1anza e persoas visitantes a participar nesta celebraci\u00f3n, que marca o inicio dun novo ano cheo de actividades festivas nas distintas parroquias do concello.<\/span><span style=\"font-weight: 400;\"><\/p>\n<p><\/span><\/p>","protected":false},"excerpt":{"rendered":"<p>\u00a0A parroquia de Sante comezar\u00e1 o ano celebrando a tradicional festa na honra do seu patr\u00f3n, San Xuli\u00e1n, que ter\u00e1 lugar o s\u00e1bado 10 de xaneiro no polideportivo da parroquia, dando as\u00ed o pistoletazo de sa\u00edda ao calendario festivo do 2026 no Concello de Trabada. Os actos dar\u00e1n comezo \u00e1s 13:00 horas coa misa solemne, [&hellip;]<\/p>\n","protected":false},"author":1,"featured_media":7104,"comment_status":"closed","ping_status":"closed","sticky":false,"template":"","format":"standard","meta":{"footnotes":""},"categories":[90],"tags":[],"class_list":["post-7103","post","type-post","status-publish","format-standard","has-post-thumbnail","hentry","category-noticias"],"_links":{"self":[{"href":"https:\/\/trabada.gal\/gl\/wp-json\/wp\/v2\/posts\/7103","targetHints":{"allow":["GET"]}}],"collection":[{"href":"https:\/\/trabada.gal\/gl\/wp-json\/wp\/v2\/posts"}],"about":[{"href":"https:\/\/trabada.gal\/gl\/wp-json\/wp\/v2\/types\/post"}],"author":[{"embeddable":true,"href":"https:\/\/trabada.gal\/gl\/wp-json\/wp\/v2\/users\/1"}],"replies":[{"embeddable":true,"href":"https:\/\/trabada.gal\/gl\/wp-json\/wp\/v2\/comments?post=7103"}],"version-history":[{"count":0,"href":"https:\/\/trabada.gal\/gl\/wp-json\/wp\/v2\/posts\/7103\/revisions"}],"wp:featuredmedia":[{"embeddable":true,"href":"https:\/\/trabada.gal\/gl\/wp-json\/wp\/v2\/media\/7104"}],"wp:attachment":[{"href":"https:\/\/trabada.gal\/gl\/wp-json\/wp\/v2\/media?parent=7103"}],"wp:term":[{"taxonomy":"category","embeddable":true,"href":"https:\/\/trabada.gal\/gl\/wp-json\/wp\/v2\/categories?post=7103"},{"taxonomy":"post_tag","embeddable":true,"href":"https:\/\/trabada.gal\/gl\/wp-json\/wp\/v2\/tags?post=7103"}],"curies":[{"name":"wp","href":"https:\/\/api.w.org\/{rel}","templated":true}]}}