{"id":7113,"date":"2026-01-16T14:53:18","date_gmt":"2026-01-16T13:53:18","guid":{"rendered":"https:\/\/trabada.gal\/?p=7113"},"modified":"2026-01-26T15:54:00","modified_gmt":"2026-01-26T14:54:00","slug":"trabada-continua-ampliando-o-alugueiro-social-coa-apertura-dunha-nova-vivenda-en-valboa","status":"publish","type":"post","link":"https:\/\/trabada.gal\/gl\/2026\/01\/16\/trabada-continua-ampliando-o-alugueiro-social-coa-apertura-dunha-nova-vivenda-en-valboa\/","title":{"rendered":"Trabada contin\u00faa ampliando o alugueiro social coa apertura dunha nova vivenda en Valboa"},"content":{"rendered":"<p><span style=\"font-weight: 400;\">O Concello de Trabada abrir\u00e1 a partir do vindeiro luns o prazo para a presentaci\u00f3n de solicitudes para o alugueiro social da vivenda situada na antiga Escola de Mestres da parroquia de Valboa. As persoas interesadas dispor\u00e1n dun mes para presentar a s\u00faa solicitude.<\/span><\/p>\n<p><span style=\"font-weight: 400;\">O prezo do alugueiro ser\u00e1 de 143,82 euros mensuais, e dende o Concello inf\u00f3rmase de que se poder\u00e1 consultar nas oficinas municipais se se cumpren os requisitos establecidos para acceder a esta vivenda.<\/span><\/p>\n<p><span style=\"font-weight: 400;\">Esta ser\u00e1 a quinta vivenda municipal destinada ao alugueiro social, sum\u00e1ndose \u00e1s xa en funcionamento noutras parroquias como Trabadela. Ademais, o Concello xa est\u00e1 a traballar no proxecto de rehabilitaci\u00f3n da antiga Escola de Mestres da parroquia de Vilapena, co obxectivo de continuar ampliando o parque de vivenda social.<\/span><\/p>\n<p><span style=\"font-weight: 400;\">O alcalde de Trabada, Rub\u00e9n Garc\u00eda, sinala que \u201cseguimos apostando polo alugueiro social como unha ferramenta clave para facilitar o acceso \u00e1 vivenda, fixar poboaci\u00f3n e loitar contra o despoboamento no noso concello\u201d.<\/span><\/p>","protected":false},"excerpt":{"rendered":"<p>O Concello de Trabada abrir\u00e1 a partir do vindeiro luns o prazo para a presentaci\u00f3n de solicitudes para o alugueiro social da vivenda situada na antiga Escola de Mestres da parroquia de Valboa. As persoas interesadas dispor\u00e1n dun mes para presentar a s\u00faa solicitude. O prezo do alugueiro ser\u00e1 de 143,82 euros mensuais, e dende [&hellip;]<\/p>\n","protected":false},"author":1,"featured_media":7114,"comment_status":"closed","ping_status":"closed","sticky":false,"template":"","format":"standard","meta":{"footnotes":""},"categories":[90],"tags":[],"class_list":["post-7113","post","type-post","status-publish","format-standard","has-post-thumbnail","hentry","category-noticias"],"_links":{"self":[{"href":"https:\/\/trabada.gal\/gl\/wp-json\/wp\/v2\/posts\/7113","targetHints":{"allow":["GET"]}}],"collection":[{"href":"https:\/\/trabada.gal\/gl\/wp-json\/wp\/v2\/posts"}],"about":[{"href":"https:\/\/trabada.gal\/gl\/wp-json\/wp\/v2\/types\/post"}],"author":[{"embeddable":true,"href":"https:\/\/trabada.gal\/gl\/wp-json\/wp\/v2\/users\/1"}],"replies":[{"embeddable":true,"href":"https:\/\/trabada.gal\/gl\/wp-json\/wp\/v2\/comments?post=7113"}],"version-history":[{"count":0,"href":"https:\/\/trabada.gal\/gl\/wp-json\/wp\/v2\/posts\/7113\/revisions"}],"wp:featuredmedia":[{"embeddable":true,"href":"https:\/\/trabada.gal\/gl\/wp-json\/wp\/v2\/media\/7114"}],"wp:attachment":[{"href":"https:\/\/trabada.gal\/gl\/wp-json\/wp\/v2\/media?parent=7113"}],"wp:term":[{"taxonomy":"category","embeddable":true,"href":"https:\/\/trabada.gal\/gl\/wp-json\/wp\/v2\/categories?post=7113"},{"taxonomy":"post_tag","embeddable":true,"href":"https:\/\/trabada.gal\/gl\/wp-json\/wp\/v2\/tags?post=7113"}],"curies":[{"name":"wp","href":"https:\/\/api.w.org\/{rel}","templated":true}]}}