{"id":7117,"date":"2026-01-17T13:56:20","date_gmt":"2026-01-17T12:56:20","guid":{"rendered":"https:\/\/trabada.gal\/?p=7117"},"modified":"2026-01-26T16:11:03","modified_gmt":"2026-01-26T15:11:03","slug":"o-concello-de-trabada-reabre-parcialmente-as-instalacions-deportivas-municipais-a-partir-do-domingo-18","status":"publish","type":"post","link":"https:\/\/trabada.gal\/gl\/2026\/01\/17\/o-concello-de-trabada-reabre-parcialmente-as-instalacions-deportivas-municipais-a-partir-do-domingo-18\/","title":{"rendered":"O Concello de Trabada reabre parcialmente as instalaci\u00f3ns deportivas municipais a partir do domingo 18"},"content":{"rendered":"<p><span style=\"font-weight: 400;\">O Concello de Trabada informa de que a partir do vindeiro domingo 18 reabrir\u00e1n as instalaci\u00f3ns deportivas municipais, concretamente a zona da pista do pavill\u00f3n e o ximnasio municipal, tras o incendio rexistrado o pasado d\u00eda 3 na \u00e1rea de vestiarios.<\/span><\/p>\n<p><span style=\"font-weight: 400;\">A reapertura destas instalaci\u00f3ns prod\u00facese apenas d\u00faas semanas despois do incidente, permitindo retomar a actividade deportiva no municipio. Por motivos de seguridade, a zona de vestiarios permanecer\u00e1 pechada ata a s\u00faa completa recuperaci\u00f3n.<\/span><\/p>\n<p><span style=\"font-weight: 400;\">Dende o Concello destacan o esforzo realizado para restablecer o servizo no menor tempo posible e sinalan que xa se est\u00e1 a traballar na valoraci\u00f3n dos danos ocasionados polo incendio. Nas vindeiras semanas solicitarase o financiamento necesario para acometer as obras de reparaci\u00f3n e rehabilitaci\u00f3n da zona afectada.<\/span><\/p>\n<p><span style=\"font-weight: 400;\">O goberno local reafirma as\u00ed o seu compromiso coa veci\u00f1anza e co deporte, priorizando a seguridade e a recuperaci\u00f3n progresiva das instalaci\u00f3ns municipais.<\/span><\/p>\n<p>&nbsp;<\/p>","protected":false},"excerpt":{"rendered":"<p>O Concello de Trabada informa de que a partir do vindeiro domingo 18 reabrir\u00e1n as instalaci\u00f3ns deportivas municipais, concretamente a zona da pista do pavill\u00f3n e o ximnasio municipal, tras o incendio rexistrado o pasado d\u00eda 3 na \u00e1rea de vestiarios. A reapertura destas instalaci\u00f3ns prod\u00facese apenas d\u00faas semanas despois do incidente, permitindo retomar a [&hellip;]<\/p>\n","protected":false},"author":1,"featured_media":7118,"comment_status":"closed","ping_status":"closed","sticky":false,"template":"","format":"standard","meta":{"footnotes":""},"categories":[90],"tags":[],"class_list":["post-7117","post","type-post","status-publish","format-standard","has-post-thumbnail","hentry","category-noticias"],"_links":{"self":[{"href":"https:\/\/trabada.gal\/gl\/wp-json\/wp\/v2\/posts\/7117","targetHints":{"allow":["GET"]}}],"collection":[{"href":"https:\/\/trabada.gal\/gl\/wp-json\/wp\/v2\/posts"}],"about":[{"href":"https:\/\/trabada.gal\/gl\/wp-json\/wp\/v2\/types\/post"}],"author":[{"embeddable":true,"href":"https:\/\/trabada.gal\/gl\/wp-json\/wp\/v2\/users\/1"}],"replies":[{"embeddable":true,"href":"https:\/\/trabada.gal\/gl\/wp-json\/wp\/v2\/comments?post=7117"}],"version-history":[{"count":0,"href":"https:\/\/trabada.gal\/gl\/wp-json\/wp\/v2\/posts\/7117\/revisions"}],"wp:featuredmedia":[{"embeddable":true,"href":"https:\/\/trabada.gal\/gl\/wp-json\/wp\/v2\/media\/7118"}],"wp:attachment":[{"href":"https:\/\/trabada.gal\/gl\/wp-json\/wp\/v2\/media?parent=7117"}],"wp:term":[{"taxonomy":"category","embeddable":true,"href":"https:\/\/trabada.gal\/gl\/wp-json\/wp\/v2\/categories?post=7117"},{"taxonomy":"post_tag","embeddable":true,"href":"https:\/\/trabada.gal\/gl\/wp-json\/wp\/v2\/tags?post=7117"}],"curies":[{"name":"wp","href":"https:\/\/api.w.org\/{rel}","templated":true}]}}