{"id":7121,"date":"2026-01-23T15:56:58","date_gmt":"2026-01-23T14:56:58","guid":{"rendered":"https:\/\/trabada.gal\/?p=7121"},"modified":"2026-01-26T16:08:24","modified_gmt":"2026-01-26T15:08:24","slug":"trabada-participa-en-fitur-para-fortalecer-a-sua-proxeccion-turistica","status":"publish","type":"post","link":"https:\/\/trabada.gal\/gl\/2026\/01\/23\/trabada-participa-en-fitur-para-fortalecer-a-sua-proxeccion-turistica\/","title":{"rendered":"Trabada participa en FITUR para fortalecer a s\u00faa proxecci\u00f3n tur\u00edstica"},"content":{"rendered":"<p><span style=\"font-weight: 400;\">O alcalde de Trabada, Rub\u00e9n Garc\u00eda, realizou un balance moi positivo da presenza do Concello na Feira Internacional de Turismo (FITUR), celebrada esta semana en Madrid, unha cita de referencia a nivel estatal e internacional para a promoci\u00f3n dos destinos tur\u00edsticos.<\/span><\/p>\n<p><span style=\"font-weight: 400;\">Durante a s\u00faa estancia en FITUR, o alcalde deu a co\u00f1ecer o potencial tur\u00edstico de Trabada, destacando que o turismo \u00e9 unha fonte moi importante de ingresos para o municipio e unha oportunidade clave para o desenvolvemento econ\u00f3mico e social do territorio. Neste senso, puxo en valor recursos como as fragas, a contorna natural do r\u00edo Eo, as rutas de sendeirismo e o forte v\u00ednculo de Trabada coa natureza, elementos que definen a identidade do concello e o converten nun destino atractivo para un turismo sostible e de calidade.<\/span><\/p>\n<p><span style=\"font-weight: 400;\">Rub\u00e9n Garc\u00eda sinalou que \u201cTrabada ten un enorme potencial tur\u00edstico ligado \u00e1 natureza, \u00e1 tranquilidade e \u00e1 autenticidade do rural, e FITUR \u00e9 un escaparate fundamental para dar a co\u00f1ecer todo o que podemos ofrecer\u201d. O alcalde engadiu que \u201capostar polo turismo \u00e9 tam\u00e9n apostar pola fixaci\u00f3n de poboaci\u00f3n e pola creaci\u00f3n de oportunidades no noso concello\u201d.<\/span><\/p>\n<p><span style=\"font-weight: 400;\">No marco de FITUR, o alcalde de Trabada participou tam\u00e9n na presentaci\u00f3n da Mancomunidade de Concellos da Mari\u00f1a Lucense, na que se deu a co\u00f1ecer unha figura cer\u00e1mica elaborada por Sargadelos en homenaxe \u00e1s Carolas ou Canouras, mulleres consideradas pioneiras do turismo na comarca por seren das primeiras en acudir \u00e1 costa para gozar dos tradicionais ba\u00f1os de mar entre finais do s\u00e9culo XIX e comezos do XX.<\/span><\/p>\n<p><span style=\"font-weight: 400;\">Desde o Concello de Trabada destacan a importancia de participar de maneira activa neste tipo de eventos, que permiten reforzar a colaboraci\u00f3n entre concellos da comarca e proxectar unha imaxe conxunta da Mari\u00f1a Lucense como destino tur\u00edstico diverso e complementario.<\/span><\/p>\n<p><span style=\"font-weight: 400;\">O goberno municipal reafirma as\u00ed o seu compromiso coa promoci\u00f3n tur\u00edstica de Trabada, continuando na li\u00f1a de dar visibilidade aos recursos naturais, culturais e paisax\u00edsticos do concello como motor de desenvolvemento e dinamizaci\u00f3n econ\u00f3mica.<\/p>\n<p><img fetchpriority=\"high\" decoding=\"async\" class=\"alignnone size-medium wp-image-7123\" src=\"https:\/\/trabada.gal\/wp-content\/uploads\/2026\/01\/616900867_1317053137127862_546552535220070651_n-240x300.jpg\" alt=\"Trabada participa en FITUR para fortalecer a s\u00faa proxecci\u00f3n tur\u00edstica 2\" width=\"240\" height=\"300\" srcset=\"https:\/\/trabada.gal\/wp-content\/uploads\/2026\/01\/616900867_1317053137127862_546552535220070651_n-240x300.jpg 240w, https:\/\/trabada.gal\/wp-content\/uploads\/2026\/01\/616900867_1317053137127862_546552535220070651_n-819x1024.jpg 819w, https:\/\/trabada.gal\/wp-content\/uploads\/2026\/01\/616900867_1317053137127862_546552535220070651_n-768x960.jpg 768w, https:\/\/trabada.gal\/wp-content\/uploads\/2026\/01\/616900867_1317053137127862_546552535220070651_n-10x12.jpg 10w, https:\/\/trabada.gal\/wp-content\/uploads\/2026\/01\/616900867_1317053137127862_546552535220070651_n-480x600.jpg 480w, https:\/\/trabada.gal\/wp-content\/uploads\/2026\/01\/616900867_1317053137127862_546552535220070651_n-448x560.jpg 448w, https:\/\/trabada.gal\/wp-content\/uploads\/2026\/01\/616900867_1317053137127862_546552535220070651_n.jpg 1080w\" sizes=\"(max-width: 240px) 100vw, 240px\" \/><\/span><\/p>","protected":false},"excerpt":{"rendered":"<p>O alcalde de Trabada, Rub\u00e9n Garc\u00eda, realizou un balance moi positivo da presenza do Concello na Feira Internacional de Turismo (FITUR), celebrada esta semana en Madrid, unha cita de referencia a nivel estatal e internacional para a promoci\u00f3n dos destinos tur\u00edsticos. Durante a s\u00faa estancia en FITUR, o alcalde deu a co\u00f1ecer o potencial tur\u00edstico [&hellip;]<\/p>\n","protected":false},"author":1,"featured_media":7122,"comment_status":"closed","ping_status":"closed","sticky":false,"template":"","format":"standard","meta":{"footnotes":""},"categories":[90],"tags":[],"class_list":["post-7121","post","type-post","status-publish","format-standard","has-post-thumbnail","hentry","category-noticias"],"_links":{"self":[{"href":"https:\/\/trabada.gal\/gl\/wp-json\/wp\/v2\/posts\/7121","targetHints":{"allow":["GET"]}}],"collection":[{"href":"https:\/\/trabada.gal\/gl\/wp-json\/wp\/v2\/posts"}],"about":[{"href":"https:\/\/trabada.gal\/gl\/wp-json\/wp\/v2\/types\/post"}],"author":[{"embeddable":true,"href":"https:\/\/trabada.gal\/gl\/wp-json\/wp\/v2\/users\/1"}],"replies":[{"embeddable":true,"href":"https:\/\/trabada.gal\/gl\/wp-json\/wp\/v2\/comments?post=7121"}],"version-history":[{"count":0,"href":"https:\/\/trabada.gal\/gl\/wp-json\/wp\/v2\/posts\/7121\/revisions"}],"wp:featuredmedia":[{"embeddable":true,"href":"https:\/\/trabada.gal\/gl\/wp-json\/wp\/v2\/media\/7122"}],"wp:attachment":[{"href":"https:\/\/trabada.gal\/gl\/wp-json\/wp\/v2\/media?parent=7121"}],"wp:term":[{"taxonomy":"category","embeddable":true,"href":"https:\/\/trabada.gal\/gl\/wp-json\/wp\/v2\/categories?post=7121"},{"taxonomy":"post_tag","embeddable":true,"href":"https:\/\/trabada.gal\/gl\/wp-json\/wp\/v2\/tags?post=7121"}],"curies":[{"name":"wp","href":"https:\/\/api.w.org\/{rel}","templated":true}]}}