{"id":7167,"date":"2026-03-06T11:39:32","date_gmt":"2026-03-06T10:39:32","guid":{"rendered":"https:\/\/trabada.gal\/?p=7167"},"modified":"2026-03-06T11:39:32","modified_gmt":"2026-03-06T10:39:32","slug":"trabada-solicita-unha-subvencion-para-mellorar-dous-caminos-rurais-nas-parroquias-de-sante-e-valboa","status":"publish","type":"post","link":"https:\/\/trabada.gal\/gl\/2026\/03\/06\/trabada-solicita-unha-subvencion-para-mellorar-dous-caminos-rurais-nas-parroquias-de-sante-e-valboa\/","title":{"rendered":"Trabada solicita unha subvenci\u00f3n para mellorar dous cami\u00f1os rurais nas parroquias de Sante e Valboa"},"content":{"rendered":"<p><span style=\"font-weight: 400;\">\u00a0O Concello de Trabada v\u00e9n de solicitar unha subvenci\u00f3n \u00e1 Conseller\u00eda do Medio Rural da Xunta de Galicia destinada \u00e1 mellora de cami\u00f1os rurais no municipio, cun proxecto que supera os 73.000 euros.<\/span><\/p>\n<p><span style=\"font-weight: 400;\">A proposta presentada polo goberno municipal contempla d\u00faas actuaci\u00f3ns en diferentes parroquias do concello. Por unha banda, actuar\u00edase no lugar de Louro, na parroquia de Sante, e por outra no lugar de Vilafernando, na parroquia de Valboa. En ambos casos est\u00e1 prevista a renovaci\u00f3n dos viais mediante a aplicaci\u00f3n de aglomerado, cunha actuaci\u00f3n total de algo m\u00e1is dun quil\u00f3metro, aproximadamente 500 metros en cada un dos dous cami\u00f1os.<\/span><\/p>\n<p><span style=\"font-weight: 400;\">Con estas intervenci\u00f3ns b\u00fascase mellorar o estado das v\u00edas de comunicaci\u00f3n nestas zonas, facilitando o tr\u00e1nsito e contribu\u00edndo a unha mellor conexi\u00f3n entre os diferentes lugares do municipio.<\/span><\/p>\n<p><span style=\"font-weight: 400;\">O alcalde de Trabada, Rub\u00e9n Garc\u00eda, destacou que \u201cdesde o Concello continuamos traballando para aproveitar todas as li\u00f1as de axuda \u00e1s que podemos optar co obxectivo de seguir mellorando as nosas infraestruturas e os nosos cami\u00f1os rurais, que son fundamentais para o d\u00eda a d\u00eda da veci\u00f1anza\u201d.<\/span><\/p>\n<p><span style=\"font-weight: 400;\">O rexedor subli\u00f1ou tam\u00e9n que estas actuaci\u00f3ns se sumar\u00e1n a outras que xa est\u00e1n en planificaci\u00f3n ou que dar\u00e1n comezo nos vindeiros meses noutras parroquias do concello, dentro da li\u00f1a de traballo municipal orientada \u00e1 mellora dos espazos p\u00fablicos, das infraestruturas e das v\u00edas de comunicaci\u00f3n en todo o territorio.<\/span><\/p>","protected":false},"excerpt":{"rendered":"<p>\u00a0O Concello de Trabada v\u00e9n de solicitar unha subvenci\u00f3n \u00e1 Conseller\u00eda do Medio Rural da Xunta de Galicia destinada \u00e1 mellora de cami\u00f1os rurais no municipio, cun proxecto que supera os 73.000 euros. A proposta presentada polo goberno municipal contempla d\u00faas actuaci\u00f3ns en diferentes parroquias do concello. Por unha banda, actuar\u00edase no lugar de Louro, [&hellip;]<\/p>\n","protected":false},"author":1,"featured_media":7168,"comment_status":"closed","ping_status":"closed","sticky":false,"template":"","format":"standard","meta":{"footnotes":""},"categories":[90],"tags":[],"class_list":["post-7167","post","type-post","status-publish","format-standard","has-post-thumbnail","hentry","category-noticias"],"_links":{"self":[{"href":"https:\/\/trabada.gal\/gl\/wp-json\/wp\/v2\/posts\/7167","targetHints":{"allow":["GET"]}}],"collection":[{"href":"https:\/\/trabada.gal\/gl\/wp-json\/wp\/v2\/posts"}],"about":[{"href":"https:\/\/trabada.gal\/gl\/wp-json\/wp\/v2\/types\/post"}],"author":[{"embeddable":true,"href":"https:\/\/trabada.gal\/gl\/wp-json\/wp\/v2\/users\/1"}],"replies":[{"embeddable":true,"href":"https:\/\/trabada.gal\/gl\/wp-json\/wp\/v2\/comments?post=7167"}],"version-history":[{"count":1,"href":"https:\/\/trabada.gal\/gl\/wp-json\/wp\/v2\/posts\/7167\/revisions"}],"predecessor-version":[{"id":7169,"href":"https:\/\/trabada.gal\/gl\/wp-json\/wp\/v2\/posts\/7167\/revisions\/7169"}],"wp:featuredmedia":[{"embeddable":true,"href":"https:\/\/trabada.gal\/gl\/wp-json\/wp\/v2\/media\/7168"}],"wp:attachment":[{"href":"https:\/\/trabada.gal\/gl\/wp-json\/wp\/v2\/media?parent=7167"}],"wp:term":[{"taxonomy":"category","embeddable":true,"href":"https:\/\/trabada.gal\/gl\/wp-json\/wp\/v2\/categories?post=7167"},{"taxonomy":"post_tag","embeddable":true,"href":"https:\/\/trabada.gal\/gl\/wp-json\/wp\/v2\/tags?post=7167"}],"curies":[{"name":"wp","href":"https:\/\/api.w.org\/{rel}","templated":true}]}}