{"id":7174,"date":"2026-03-09T12:42:08","date_gmt":"2026-03-09T11:42:08","guid":{"rendered":"https:\/\/trabada.gal\/?p=7174"},"modified":"2026-03-10T10:43:01","modified_gmt":"2026-03-10T09:43:01","slug":"o-concello-de-trabada-solicita-unha-nova-subvencion-para-continuar-mellorando-a-iluminacion-publica","status":"publish","type":"post","link":"https:\/\/trabada.gal\/gl\/2026\/03\/09\/o-concello-de-trabada-solicita-unha-nova-subvencion-para-continuar-mellorando-a-iluminacion-publica\/","title":{"rendered":"O Concello de Trabada solicita unha nova subvenci\u00f3n para continuar mellorando a iluminaci\u00f3n p\u00fablica"},"content":{"rendered":"<p><span style=\"font-weight: 400;\">O Concello de Trabada v\u00e9n de solicitar unha nova subvenci\u00f3n \u00e1 Conseller\u00eda de Presidencia, Xustiza e Deportes da Xunta de Galicia destinada \u00e1 renovaci\u00f3n do alumeado p\u00fablico en diferentes puntos do municipio. O proxecto presentado conta cun investimento de algo m\u00e1is de 35.000 euros.<\/span><\/p>\n<p><span style=\"font-weight: 400;\">A actuaci\u00f3n prevista permitir\u00e1 substitu\u00edr luminarias actuais por novas tecnolox\u00edas LED, m\u00e1is eficientes e sostibles, co obxectivo de mellorar a iluminaci\u00f3n e avanzar na eficiencia enerx\u00e9tica do municipio.<\/span><\/p>\n<p><span style=\"font-weight: 400;\">As intervenci\u00f3ns contempladas realizar\u00edanse nos lugares de Vilapena, Vilasus\u00e1, Outeiro (na parroquia de Vilaform\u00e1n), Leirado e na Praza do Concello, inclu\u00edndo tam\u00e9n a contorna da casa consistorial.<\/span><\/p>\n<p><span style=\"font-weight: 400;\">O alcalde de Trabada, Rub\u00e9n Garc\u00eda, destacou que \u201cseguimos solicitando todas as axudas \u00e1s que podemos optar para continuar mellorando os servizos p\u00fablicos e avanzar cara a un modelo m\u00e1is eficiente e sostible no noso concello\u201d.<\/span><\/p>\n<p><span style=\"font-weight: 400;\">O rexedor lembrou ademais que esta actuaci\u00f3n se sumar\u00eda a outras renovaci\u00f3ns do alumeado p\u00fablico executadas durante o pasado ano nos lugares de O Vilar, no n\u00facleo de Trabada, Vidal, Vilarbetote e Vilafernando.<\/span><\/p>\n<p><span style=\"font-weight: 400;\">As\u00ed mesmo, desde o Concello adiantan que nas vindeiras semanas se dar\u00e1 a co\u00f1ecer un novo proxecto de substituci\u00f3n de luminarias en diferentes n\u00facleos da parroquia de Trabada, continuando coa li\u00f1a de mellora progresiva da rede de alumeado p\u00fablico municipal.<\/span><\/p>\n<p>&nbsp;<\/p>","protected":false},"excerpt":{"rendered":"<p>O Concello de Trabada v\u00e9n de solicitar unha nova subvenci\u00f3n \u00e1 Conseller\u00eda de Presidencia, Xustiza e Deportes da Xunta de Galicia destinada \u00e1 renovaci\u00f3n do alumeado p\u00fablico en diferentes puntos do municipio. O proxecto presentado conta cun investimento de algo m\u00e1is de 35.000 euros. A actuaci\u00f3n prevista permitir\u00e1 substitu\u00edr luminarias actuais por novas tecnolox\u00edas LED, [&hellip;]<\/p>\n","protected":false},"author":1,"featured_media":7175,"comment_status":"closed","ping_status":"closed","sticky":false,"template":"","format":"standard","meta":{"footnotes":""},"categories":[90],"tags":[],"class_list":["post-7174","post","type-post","status-publish","format-standard","has-post-thumbnail","hentry","category-noticias"],"_links":{"self":[{"href":"https:\/\/trabada.gal\/gl\/wp-json\/wp\/v2\/posts\/7174","targetHints":{"allow":["GET"]}}],"collection":[{"href":"https:\/\/trabada.gal\/gl\/wp-json\/wp\/v2\/posts"}],"about":[{"href":"https:\/\/trabada.gal\/gl\/wp-json\/wp\/v2\/types\/post"}],"author":[{"embeddable":true,"href":"https:\/\/trabada.gal\/gl\/wp-json\/wp\/v2\/users\/1"}],"replies":[{"embeddable":true,"href":"https:\/\/trabada.gal\/gl\/wp-json\/wp\/v2\/comments?post=7174"}],"version-history":[{"count":1,"href":"https:\/\/trabada.gal\/gl\/wp-json\/wp\/v2\/posts\/7174\/revisions"}],"predecessor-version":[{"id":7176,"href":"https:\/\/trabada.gal\/gl\/wp-json\/wp\/v2\/posts\/7174\/revisions\/7176"}],"wp:featuredmedia":[{"embeddable":true,"href":"https:\/\/trabada.gal\/gl\/wp-json\/wp\/v2\/media\/7175"}],"wp:attachment":[{"href":"https:\/\/trabada.gal\/gl\/wp-json\/wp\/v2\/media?parent=7174"}],"wp:term":[{"taxonomy":"category","embeddable":true,"href":"https:\/\/trabada.gal\/gl\/wp-json\/wp\/v2\/categories?post=7174"},{"taxonomy":"post_tag","embeddable":true,"href":"https:\/\/trabada.gal\/gl\/wp-json\/wp\/v2\/tags?post=7174"}],"curies":[{"name":"wp","href":"https:\/\/api.w.org\/{rel}","templated":true}]}}