{"id":7277,"date":"2026-04-27T11:56:32","date_gmt":"2026-04-27T09:56:32","guid":{"rendered":"https:\/\/trabada.gal\/?p=7277"},"modified":"2026-04-27T12:00:19","modified_gmt":"2026-04-27T10:00:19","slug":"o-concello-de-trabada-facilita-un-ano-mais-a-presentacion-gratuita-da-declaracion-da-renda","status":"publish","type":"post","link":"https:\/\/trabada.gal\/gl\/2026\/04\/27\/o-concello-de-trabada-facilita-un-ano-mais-a-presentacion-gratuita-da-declaracion-da-renda\/","title":{"rendered":"O Concello de Trabada facilita un ano m\u00e1is a presentaci\u00f3n gratu\u00edta da declaraci\u00f3n da renda"},"content":{"rendered":"<p><span style=\"font-weight: 400;\">O Concello de Trabada volve ofrecer este ano o servizo de axuda para a presentaci\u00f3n da declaraci\u00f3n da renda, tras a boa acollida rexistrada en edici\u00f3ns anteriores.<\/span><\/p>\n<p><span style=\"font-weight: 400;\">Grazas a este programa, calquera veci\u00f1o ou veci\u00f1a poder\u00e1 realizar este tr\u00e1mite de maneira totalmente gratu\u00edta nas propias dependencias municipais mediante un sistema de videoasistencia, evitando desprazamentos f\u00f3ra do concello e o custo deste servizo.<\/span><\/p>\n<p><span style=\"font-weight: 400;\">O prazo para solicitar cita previa abrirase o vindeiro m\u00e9rcores 29 de abril, mentres que a atenci\u00f3n para presentar a declaraci\u00f3n da renda ter\u00e1 lugar entre o 6 de maio e o 30 de xu\u00f1o.<\/span><\/p>\n<p><span style=\"font-weight: 400;\">As persoas interesadas poder\u00e1n solicitar cita previa preferentemente no propio Concello de Trabada, onde tam\u00e9n recibir\u00e1n asesoramento. Ademais, tam\u00e9n se poder\u00e1 facer a trav\u00e9s de internet, na sede electr\u00f3nica da Axencia Tributaria, ou por tel\u00e9fono nos n\u00fameros 91 553 00 71 e 901 22 33 44.<\/span><\/p>\n<p><span style=\"font-weight: 400;\">O alcalde de Trabada, Rub\u00e9n Garc\u00eda, destacou que \u201ccontinuamos impulsando iniciativas que faciliten a vida da nosa veci\u00f1anza, especialmente das persoas maiores, a\u00ednda que este servizo est\u00e1 dirixido a toda a poboaci\u00f3n\u201d. Neste sentido, subli\u00f1ou que \u201c\u00e9 fundamental ofrecer alternativas para que os veci\u00f1os e veci\u00f1as poidan realizar tr\u00e1mites como a declaraci\u00f3n da renda sen custos e sen necesidade de desprazarse f\u00f3ra do municipio\u201d.<\/span><\/p>\n<p><span style=\"font-weight: 400;\">Desde o Concello lembran a importancia de solicitar cita previa con antelaci\u00f3n para garantir unha correcta atenci\u00f3n.<\/span><\/p>\n<p>&nbsp;<\/p>","protected":false},"excerpt":{"rendered":"<p>O Concello de Trabada volve ofrecer este ano o servizo de axuda para a presentaci\u00f3n da declaraci\u00f3n da renda, tras a boa acollida rexistrada en edici\u00f3ns anteriores. Grazas a este programa, calquera veci\u00f1o ou veci\u00f1a poder\u00e1 realizar este tr\u00e1mite de maneira totalmente gratu\u00edta nas propias dependencias municipais mediante un sistema de videoasistencia, evitando desprazamentos f\u00f3ra [&hellip;]<\/p>\n","protected":false},"author":1,"featured_media":7278,"comment_status":"closed","ping_status":"closed","sticky":false,"template":"","format":"standard","meta":{"footnotes":""},"categories":[90],"tags":[],"class_list":["post-7277","post","type-post","status-publish","format-standard","has-post-thumbnail","hentry","category-noticias"],"_links":{"self":[{"href":"https:\/\/trabada.gal\/gl\/wp-json\/wp\/v2\/posts\/7277","targetHints":{"allow":["GET"]}}],"collection":[{"href":"https:\/\/trabada.gal\/gl\/wp-json\/wp\/v2\/posts"}],"about":[{"href":"https:\/\/trabada.gal\/gl\/wp-json\/wp\/v2\/types\/post"}],"author":[{"embeddable":true,"href":"https:\/\/trabada.gal\/gl\/wp-json\/wp\/v2\/users\/1"}],"replies":[{"embeddable":true,"href":"https:\/\/trabada.gal\/gl\/wp-json\/wp\/v2\/comments?post=7277"}],"version-history":[{"count":1,"href":"https:\/\/trabada.gal\/gl\/wp-json\/wp\/v2\/posts\/7277\/revisions"}],"predecessor-version":[{"id":7279,"href":"https:\/\/trabada.gal\/gl\/wp-json\/wp\/v2\/posts\/7277\/revisions\/7279"}],"wp:featuredmedia":[{"embeddable":true,"href":"https:\/\/trabada.gal\/gl\/wp-json\/wp\/v2\/media\/7278"}],"wp:attachment":[{"href":"https:\/\/trabada.gal\/gl\/wp-json\/wp\/v2\/media?parent=7277"}],"wp:term":[{"taxonomy":"category","embeddable":true,"href":"https:\/\/trabada.gal\/gl\/wp-json\/wp\/v2\/categories?post=7277"},{"taxonomy":"post_tag","embeddable":true,"href":"https:\/\/trabada.gal\/gl\/wp-json\/wp\/v2\/tags?post=7277"}],"curies":[{"name":"wp","href":"https:\/\/api.w.org\/{rel}","templated":true}]}}