{"id":7285,"date":"2026-04-30T11:54:27","date_gmt":"2026-04-30T09:54:27","guid":{"rendered":"https:\/\/trabada.gal\/?p=7285"},"modified":"2026-04-30T11:54:27","modified_gmt":"2026-04-30T09:54:27","slug":"a-enfarinada-de-trabada-regresa-a-festa-da-filloa-de-muimenta-como-antesala-do-3-de-maio","status":"publish","type":"post","link":"https:\/\/trabada.gal\/gl\/2026\/04\/30\/a-enfarinada-de-trabada-regresa-a-festa-da-filloa-de-muimenta-como-antesala-do-3-de-maio\/","title":{"rendered":"A enfari\u00f1ada de Trabada regresa \u00e1 Festa da Filloa de Muimenta como antesala do 3 de maio"},"content":{"rendered":"<p><span style=\"font-weight: 400;\">A promoci\u00f3n da VII Festa da Enfari\u00f1ada de Trabada dar\u00e1 continuidade este ano coa s\u00faa presenza na Festa da Filloa de Muimenta, que se celebrar\u00e1 o vindeiro 1 de maio. O Concello de Trabada reafirma as\u00ed a s\u00faa aposta por esta iniciativa para difundir un dos pratos m\u00e1is tradicionais da Mari\u00f1a lucense e convidar a veci\u00f1os e visitantes a participar na celebraci\u00f3n gastron\u00f3mica prevista para o 3 de maio.<\/span><span style=\"font-weight: 400;\"><br \/>\n<\/span><span style=\"font-weight: 400;\"><br \/>\n<\/span><span style=\"font-weight: 400;\">Durante a xornada en Muimenta, os asistentes poder\u00e1n achegarse \u00e1 historia e ao sabor da enfari\u00f1ada, elaborada con ingredientes sinxelos pero cunha fonda carga identitaria. Ademais, repartirase material divulgativo co obxectivo de animar ao p\u00fablico a desprazarse ata Trabada e vivir a festa en primeira persoa.<\/span><\/p>\n<p><span style=\"font-weight: 400;\">A Festa da Enfari\u00f1ada, que nesta edici\u00f3n se celebrar\u00e1 a partir das 12:00 horas na explanada situada fronte ao parque da r\u00faa San Roque, ofrecer\u00e1 degustaci\u00f3ns tanto na s\u00faa versi\u00f3n tradicional como sen glute, as\u00ed como raci\u00f3ns de xam\u00f3n cocido e chourizo e repetir\u00e1n as fiolleiras de Muimenta. Tam\u00e9n como novidade este ano haber\u00e1 enfari\u00f1ada con bonito de Burela. A programaci\u00f3n completarase cun mercado de produtos locais e actuaci\u00f3ns musicais.<\/span><span style=\"font-weight: 400;\"><br \/>\n<\/span><span style=\"font-weight: 400;\"><br \/>\n<\/span><span style=\"font-weight: 400;\">O alcalde de Trabada, Rub\u00e9n Garc\u00eda, destacou a importancia de continuar participando neste tipo de eventos: \u00abVolver \u00e1 Festa da Filloa de Muimenta perm\u00edtenos seguir dando visibilidade \u00e1 nosa gastronom\u00eda e convidar a todo o mundo a descubrir a Festa da Enfari\u00f1ada nun ambiente festivo e acolledor\u00bb.<\/span><\/p>\n<p><span style=\"font-weight: 400;\">O Concello de Trabada anima a toda a veci\u00f1anza e visitantes a reservar a data e achegarse o 3 de maio para gozar dunha xornada que combina tradici\u00f3n, sabor e cultura, consolidando a Festa da Enfari\u00f1ada como unha cita destacada no calendario gastron\u00f3mico da provincia e co desexo de que contin\u00fae crecendo e sumando apoio en cada edici\u00f3n.\u00a0<\/span><\/p>\n<p><img fetchpriority=\"high\" decoding=\"async\" class=\"alignnone size-full wp-image-7283\" src=\"https:\/\/trabada.gal\/wp-content\/uploads\/2026\/04\/333.jpg\" alt=\"\" width=\"1080\" height=\"1350\" srcset=\"https:\/\/trabada.gal\/wp-content\/uploads\/2026\/04\/333.jpg 1080w, https:\/\/trabada.gal\/wp-content\/uploads\/2026\/04\/333-240x300.jpg 240w, https:\/\/trabada.gal\/wp-content\/uploads\/2026\/04\/333-819x1024.jpg 819w, https:\/\/trabada.gal\/wp-content\/uploads\/2026\/04\/333-768x960.jpg 768w, https:\/\/trabada.gal\/wp-content\/uploads\/2026\/04\/333-10x12.jpg 10w, https:\/\/trabada.gal\/wp-content\/uploads\/2026\/04\/333-480x600.jpg 480w, https:\/\/trabada.gal\/wp-content\/uploads\/2026\/04\/333-448x560.jpg 448w\" sizes=\"(max-width: 1080px) 100vw, 1080px\" \/><\/p>","protected":false},"excerpt":{"rendered":"<p>A promoci\u00f3n da VII Festa da Enfari\u00f1ada de Trabada dar\u00e1 continuidade este ano coa s\u00faa presenza na Festa da Filloa de Muimenta, que se celebrar\u00e1 o vindeiro 1 de maio. O Concello de Trabada reafirma as\u00ed a s\u00faa aposta por esta iniciativa para difundir un dos pratos m\u00e1is tradicionais da Mari\u00f1a lucense e convidar a [&hellip;]<\/p>\n","protected":false},"author":1,"featured_media":7287,"comment_status":"closed","ping_status":"closed","sticky":false,"template":"","format":"standard","meta":{"footnotes":""},"categories":[90],"tags":[],"class_list":["post-7285","post","type-post","status-publish","format-standard","has-post-thumbnail","hentry","category-noticias"],"_links":{"self":[{"href":"https:\/\/trabada.gal\/gl\/wp-json\/wp\/v2\/posts\/7285","targetHints":{"allow":["GET"]}}],"collection":[{"href":"https:\/\/trabada.gal\/gl\/wp-json\/wp\/v2\/posts"}],"about":[{"href":"https:\/\/trabada.gal\/gl\/wp-json\/wp\/v2\/types\/post"}],"author":[{"embeddable":true,"href":"https:\/\/trabada.gal\/gl\/wp-json\/wp\/v2\/users\/1"}],"replies":[{"embeddable":true,"href":"https:\/\/trabada.gal\/gl\/wp-json\/wp\/v2\/comments?post=7285"}],"version-history":[{"count":1,"href":"https:\/\/trabada.gal\/gl\/wp-json\/wp\/v2\/posts\/7285\/revisions"}],"predecessor-version":[{"id":7288,"href":"https:\/\/trabada.gal\/gl\/wp-json\/wp\/v2\/posts\/7285\/revisions\/7288"}],"wp:featuredmedia":[{"embeddable":true,"href":"https:\/\/trabada.gal\/gl\/wp-json\/wp\/v2\/media\/7287"}],"wp:attachment":[{"href":"https:\/\/trabada.gal\/gl\/wp-json\/wp\/v2\/media?parent=7285"}],"wp:term":[{"taxonomy":"category","embeddable":true,"href":"https:\/\/trabada.gal\/gl\/wp-json\/wp\/v2\/categories?post=7285"},{"taxonomy":"post_tag","embeddable":true,"href":"https:\/\/trabada.gal\/gl\/wp-json\/wp\/v2\/tags?post=7285"}],"curies":[{"name":"wp","href":"https:\/\/api.w.org\/{rel}","templated":true}]}}