{"id":7502,"date":"2026-09-01T13:19:30","date_gmt":"2026-09-01T11:19:30","guid":{"rendered":"https:\/\/trabada.gal\/?p=7502"},"modified":"2026-09-02T09:21:07","modified_gmt":"2026-09-02T07:21:07","slug":"os-campamentos-de-veran-do-concello-de-trabada-rematan-cunha-participacion-de-mais-de-50-nenos-e-nenas","status":"publish","type":"post","link":"https:\/\/trabada.gal\/gl\/2026\/09\/01\/os-campamentos-de-veran-do-concello-de-trabada-rematan-cunha-participacion-de-mais-de-50-nenos-e-nenas\/","title":{"rendered":"Os campamentos de ver\u00e1n do Concello de Trabada rematan cunha participaci\u00f3n de m\u00e1is de 50 nenos e nenas"},"content":{"rendered":"<p>Os campamentos de ver\u00e1n do Concello de Trabada, tanto o campamento infantil como o campamento xuvenil, rematan despois de dous meses de actividade, cunha participaci\u00f3n conxunta de m\u00e1is de 50 nenos, nenas, rapaces e rapazas.<\/p>\n<p>As actividades desenvolvidas durante os meses de xullo e agosto tiveron unha moi boa acollida entre as familias do municipio, consolid\u00e1ndose como unha importante ferramenta para favorecer a conciliaci\u00f3n da vida familiar e laboral durante o per\u00edodo estival, ao tempo que ofrecen aos m\u00e1is novos un espazo de convivencia, lecer e actividades adaptadas \u00e1s diferentes idades.<\/p>\n<p>Desde o Concello de Trabada po\u00f1en en valor o desenvolvemento destes programas e agradecen a confianza das familias, as\u00ed como o traballo realizado polo persoal encargado de facer posible as actividades ao longo destes dous meses.<\/p>\n<p>O alcalde de Trabada, Rub\u00e9n Garc\u00eda, destaca que \u201ca boa acollida destes campamentos demostra a importancia de contar con servizos p\u00fablicos que faciliten o d\u00eda a d\u00eda das familias e que permitan que os nenos e nenas dispo\u00f1an de espazos de lecer e convivencia durante o ver\u00e1n\u201d.<br \/>\nO remate dos campamentos non sup\u00f3n, con todo, o final dos programas municipais de conciliaci\u00f3n. O Concello continuar\u00e1 a ofrecer diferentes servizos ao longo do curso, entre eles o programa de madrugadores, as\u00ed como o Punto de Atenci\u00f3n \u00e1 Infancia (PAI), que recuperar\u00e1 a s\u00faa actividade neste mes de setembro.<\/p>\n<p>Deste xeito, Trabada mant\u00e9n unha rede de servizos destinada a acompa\u00f1ar as familias nas distintas etapas, con propostas que permiten ofrecer atenci\u00f3n desde os tres meses ata os 12 anos, e mesmo ata os 18 anos no caso dos campamentos xuven\u00eds.<br \/>\n\u201cDesde o Concello seguimos traballando para ampliar e consolidar os servizos de conciliaci\u00f3n e coidado, porque consideramos que son fundamentais para as familias e tam\u00e9n para o futuro de Trabada\u201d, sinala o alcalde.<\/p>","protected":false},"excerpt":{"rendered":"<p>Os campamentos de ver\u00e1n do Concello de Trabada, tanto o campamento infantil como o campamento xuvenil, rematan despois de dous meses de actividade, cunha participaci\u00f3n conxunta de m\u00e1is de 50 nenos, nenas, rapaces e rapazas. As actividades desenvolvidas durante os meses de xullo e agosto tiveron unha moi boa acollida entre as familias do municipio, [&hellip;]<\/p>\n","protected":false},"author":1,"featured_media":7503,"comment_status":"closed","ping_status":"closed","sticky":false,"template":"","format":"standard","meta":{"footnotes":""},"categories":[90],"tags":[],"class_list":["post-7502","post","type-post","status-publish","format-standard","has-post-thumbnail","hentry","category-noticias"],"_links":{"self":[{"href":"https:\/\/trabada.gal\/gl\/wp-json\/wp\/v2\/posts\/7502","targetHints":{"allow":["GET"]}}],"collection":[{"href":"https:\/\/trabada.gal\/gl\/wp-json\/wp\/v2\/posts"}],"about":[{"href":"https:\/\/trabada.gal\/gl\/wp-json\/wp\/v2\/types\/post"}],"author":[{"embeddable":true,"href":"https:\/\/trabada.gal\/gl\/wp-json\/wp\/v2\/users\/1"}],"replies":[{"embeddable":true,"href":"https:\/\/trabada.gal\/gl\/wp-json\/wp\/v2\/comments?post=7502"}],"version-history":[{"count":1,"href":"https:\/\/trabada.gal\/gl\/wp-json\/wp\/v2\/posts\/7502\/revisions"}],"predecessor-version":[{"id":7504,"href":"https:\/\/trabada.gal\/gl\/wp-json\/wp\/v2\/posts\/7502\/revisions\/7504"}],"wp:featuredmedia":[{"embeddable":true,"href":"https:\/\/trabada.gal\/gl\/wp-json\/wp\/v2\/media\/7503"}],"wp:attachment":[{"href":"https:\/\/trabada.gal\/gl\/wp-json\/wp\/v2\/media?parent=7502"}],"wp:term":[{"taxonomy":"category","embeddable":true,"href":"https:\/\/trabada.gal\/gl\/wp-json\/wp\/v2\/categories?post=7502"},{"taxonomy":"post_tag","embeddable":true,"href":"https:\/\/trabada.gal\/gl\/wp-json\/wp\/v2\/tags?post=7502"}],"curies":[{"name":"wp","href":"https:\/\/api.w.org\/{rel}","templated":true}]}}